{"id":5580,"date":"2022-07-29T12:55:18","date_gmt":"2022-07-29T19:55:18","guid":{"rendered":"https:\/\/blog.turbotax.intuit.com\/es\/?p=5580"},"modified":"2022-07-29T12:55:18","modified_gmt":"2022-07-29T19:55:18","slug":"me-suspendieron-temporalmente-y-volvi-a-trabajar-como-afecta-eso-mis-impuestos-2","status":"publish","type":"post","link":"https:\/\/blog.turbotax.intuit.com\/es\/planificacion-de-impuestos\/me-suspendieron-temporalmente-y-volvi-a-trabajar-como-afecta-eso-mis-impuestos-2-5580\/","title":{"rendered":"Me suspendieron temporalmente y volv\u00ed a trabajar. \u00bfC\u00f3mo afecta eso mis impuestos?"},"content":{"rendered":"<p>A ra\u00edz de la pandemia de COVID-19, millones de personas perdieron sus trabajos\u00a0lamentablemente. Algunas fueron despedidas,\u00a0y a otras las suspendieron. Incluso, muchos a\u00fan se enfrentan al desempleo, los despidos o las licencias. Tal vez te preguntes cu\u00e1l es la diferencia entre ser despedido y\u00a0ser\u00a0suspendido. Cuando te despiden, te vas sin ninguna promesa de que te vuelvan a contratar en el futuro. Sin embargo, si te suspenden, significa que te despiden temporalmente con la intenci\u00f3n de que vuelvas a trabajar en el futuro, cuando cambien las condiciones. Al volver, no tendr\u00e1s que realizar el proceso de recontrataci\u00f3n y es posible que, durante el per\u00edodo de suspensi\u00f3n y de acuerdo con las pol\u00edticas de tu empleador, seas elegible para continuar recibiendo sus beneficios como, por ejemplo, el seguro m\u00e9dico.<\/p>\n<p>Si te suspendieron, puede que hayas recibido beneficios de desempleo durante ese tiempo y, tal vez, no sepas si los ingresos por desempleo son tributables. Aunque el\u00a0<a href=\"https:\/\/blog.turbotax.intuit.com\/es\/noticias-turbotax\/que-significa-para-ti-el-paquete-de-estimulo-del-coronavirus-2981\/\">cheque de incentivo que quiz\u00e1 hayas recibido\u00a0de acuerdo con\u00a0la Ley CARES<\/a>\u00a0y <a href=\"https:\/\/blog.turbotax.intuit.com\/tax-news\/new-coronavirus-relief-package-passed-what-does-it-mean-for-you-and-a-second-stimulus-check-48557\/\">la Ley de Asignaciones Suplementarias de Respuesta y Alivio del Coronavirus<\/a> no est\u00e1 sujeto a impuestos, tus\u00a0<a href=\"https:\/\/blog.turbotax.intuit.com\/es\/noticias-turbotax\/consejos-de-impuestos-para-ingresos-por-desempleo-si-has-sido-despedido-o-suspendido-del-trabajo-3052\/\">beneficios de desempleo son ingresos tributables<\/a>\u00a0que debes reportar en tu declaraci\u00f3n de impuestos sobre el ingreso de 2022 (la que presentes en 2023). Cuando regresaste a trabajar despu\u00e9s de la suspensi\u00f3n, comenzaste a recibir nuevamente un cheque salarial y, probablemente, dejaste de recibir tus beneficios de desempleo. Por supuesto, igual que antes, esos salarios son ingresos tributables. Si volviste a trabajar,\u00a0pero con menos horas y a\u00fan eres elegible para los beneficios de desempleo, ten en cuenta que, tanto los ingresos por tu empleo como por desempleo, est\u00e1n sujetos a impuestos.<\/p>\n<p>\u00bfQu\u00e9 puedes esperar cuando presentes tu declaraci\u00f3n de impuestos sobre el ingreso de 2022?\u00a0Si has\u00a0recibido reembolsos cada a\u00f1o\u00a0en el pasado, es posible que el de 2022 sea menor si tambi\u00e9n tuviste otros ingresos del trabajo durante el a\u00f1o. El motivo de esto es que tu reembolso de impuestos depende de cu\u00e1nto te hayan retenido de tu cheque salarial para el impuesto sobre el ingreso: si en cada per\u00edodo de pago te retuvieron m\u00e1s que los impuestos adeudados, obtendr\u00e1s un reembolso cuando presentes tu declaraci\u00f3n.<\/p>\n<p>Si recibiste menos cheques salariales en 2022 porque te suspendieron durante una parte del a\u00f1o,\u00a0entonces tuviste\u00a0menos per\u00edodos de pago\u00a0de donde se pudo haber realizado retenciones salariares, lo que podr\u00eda generar un reembolso menor en el momento de presentar los impuestos.<\/p>\n<p>Adem\u00e1s, si no te retuvieron impuestos federales de tu compensaci\u00f3n por desempleo, es posible que no te hayan retenido lo suficiente para cubrir los impuestos a tu tasa tributaria. Puedes solicitar voluntariamente que te retengan hasta el 10% de los ingresos por desempleo, para lo cual tienes que llenar un Formulario\u00a0W-4V, Solicitud para la Retenci\u00f3n Voluntaria, mientras recibes una compensaci\u00f3n por desempleo.<\/p>\n<p>Es posible que, si tuviste menos ingresos en 2022 como resultado del desempleo, te preguntes si tus tasas tributarias ser\u00e1n inferiores. Eso depende de cu\u00e1nto tiempo te hayan suspendido y de los ingresos que hayas obtenido durante el a\u00f1o.<\/p>\n<p>A partir de ahora, estos son algunos pasos que puedes realizar para evitar sorpresas a la hora de presentar tus impuestos si crees que durante tu suspensi\u00f3n no\u00a0te\u00a0retuvieron una cantidad suficiente de impuestos\u00a0de tu compensaci\u00f3n por desempleo.<\/p>\n<ul>\n<li>Ajusta tus retenciones una vez que hayas vuelto a trabajar. Para eso, llena un nuevo Formulario W-4, Certificado de Retenciones del Empleado. <a href=\"https:\/\/turbotax.intuit.com\/tax-tools\/calculators\/w4\/\">TurboTax W-4 calculator<\/a> \u00a0te ayuda f\u00e1cilmente a estimar tu retenci\u00f3n, ya sea que desees un reembolso de impuestos mayor o m\u00e1s en tu cheque de pago.<\/li>\n<li>Reclama cr\u00e9ditos y deducciones para los que antes no eras elegible porque tus ingresos superaban el l\u00edmite m\u00ednimo de ingresos, como el\u202f<a href=\"https:\/\/blog.turbotax.intuit.com\/es\/deducciones-y-creditos-de-impuestos\/feliz-dia-del-conocimiento-del-credito-tributario-por-ingreso-del-trabajo-calificas-para-recibirlo-954\/\">Cr\u00e9dito Tributario por Ingreso del Trabajo<\/a>, el Cr\u00e9dito del Ahorrador o algunos beneficios tributarios para la educaci\u00f3n.<\/li>\n<\/ul>\n<p>Ten en cuenta que, en virtud de <a href=\"https:\/\/blog.turbotax.intuit.com\/tax-news\/new-coronavirus-relief-package-passed-what-does-it-mean-for-you-and-a-second-stimulus-check-48557\/\">la Ley de Asignaciones Suplementarias de Respuesta y Alivio del Coronavirus<\/a> aprobada el 27 de diciembre de 2020, existe una provisi\u00f3n especial que tiene el potencial de ayudar a los trabajadores que experimentaron ingresos muy bajos en 2020 o recibieron ingresos por desempleo en lugar de sus salarios regulares, con el fin de que puedan obtener mayores cr\u00e9ditos fiscales y mayores reembolsos en el pr\u00f3ximo a\u00f1o.<\/p>\n<p>Esta regla especial te permite usar tu ingreso del trabajo de 2019 para ayudarte a reclamar m\u00e1s Cr\u00e9dito Tributario por Ingreso del Trabajo y el Cr\u00e9dito Tributario por Hijos adicional cuando presentes tus impuestos de 2020, ya que un ingreso m\u00e1s bajo en 2020 podr\u00eda reducir la cantidad para la que eres elegible.<\/p>\n","protected":false},"excerpt":{"rendered":"<p>A ra\u00edz de la pandemia de COVID-19, millones de personas perdieron sus trabajos\u00a0lamentablemente. Algunas fueron despedidas,\u00a0y a otras las suspendieron. Incluso, muchos a\u00fan se enfrentan al desempleo, los despidos o las licencias. Tal vez te preguntes cu\u00e1l es la diferencia entre ser despedido y\u00a0ser\u00a0suspendido. Cuando te despiden, te vas sin ninguna promesa de que te<\/p>\n","protected":false},"author":140334752,"featured_media":0,"comment_status":"closed","ping_status":"open","sticky":false,"template":"","format":"standard","meta":{"rkv_browse_by_id":0,"rkv_cta_id":0,"rkv_optimize_for_pagespeed":false,"jetpack_post_was_ever_published":false,"_jetpack_newsletter_access":"","_jetpack_dont_email_post_to_subs":false,"_jetpack_newsletter_tier_id":0,"_jetpack_memberships_contains_paywalled_content":false,"useModifiedDate":false,"customPublishDate":"","rkv_show_reading_progress":false,"_jetpack_memberships_contains_paid_content":false,"footnotes":"","jetpack_publicize_message":"","jetpack_publicize_feature_enabled":true,"jetpack_social_post_already_shared":true,"jetpack_social_options":{"image_generator_settings":{"template":"highway","default_image_id":0,"font":"","enabled":false},"version":2},"_wpas_customize_per_network":false},"categories":[12],"tags":[],"intuit_collection":[],"intuit_series":[],"tt_tax_year":[],"coauthors":[359],"class_list":["post-5580","post","type-post","status-publish","format-standard","hentry","category-planificacion-de-impuestos"],"yoast_head":"<!-- This site is optimized with the Yoast SEO plugin v27.3 - https:\/\/yoast.com\/product\/yoast-seo-wordpress\/ -->\n<title>Me suspendieron temporalmente y volv\u00ed a trabajar. \u00bfC\u00f3mo afecta eso mis impuestos? | TurboTax Blog Espa\u00f1ol<\/title>\n<meta name=\"robots\" content=\"index, follow, max-snippet:-1, max-image-preview:large, max-video-preview:-1\" \/>\n<link rel=\"canonical\" href=\"https:\/\/blog.turbotax.intuit.com\/es\/planificacion-de-impuestos\/me-suspendieron-temporalmente-y-volvi-a-trabajar-como-afecta-eso-mis-impuestos-2-5580\/\" \/>\n<meta property=\"og:locale\" content=\"es_ES\" \/>\n<meta property=\"og:type\" content=\"article\" \/>\n<meta property=\"og:title\" content=\"Me suspendieron temporalmente y volv\u00ed a trabajar. \u00bfC\u00f3mo afecta eso mis impuestos? | TurboTax Blog Espa\u00f1ol\" \/>\n<meta property=\"og:description\" content=\"A ra\u00edz de la pandemia de COVID-19, millones de personas perdieron sus trabajos\u00a0lamentablemente. Algunas fueron despedidas,\u00a0y a otras las suspendieron. Incluso, muchos a\u00fan se enfrentan al desempleo, los despidos o las licencias. Tal vez te preguntes cu\u00e1l es la diferencia entre ser despedido y\u00a0ser\u00a0suspendido. Cuando te despiden, te vas sin ninguna promesa de que te\" \/>\n<meta property=\"og:url\" content=\"https:\/\/blog.turbotax.intuit.com\/es\/planificacion-de-impuestos\/me-suspendieron-temporalmente-y-volvi-a-trabajar-como-afecta-eso-mis-impuestos-2-5580\/\" \/>\n<meta property=\"og:site_name\" content=\"Blog en Espa\u00f1ol\" \/>\n<meta property=\"article:published_time\" content=\"2022-07-29T19:55:18+00:00\" \/>\n<meta name=\"author\" content=\"gabriellaorta\" \/>\n<meta name=\"twitter:card\" content=\"summary_large_image\" \/>\n<meta name=\"twitter:label1\" content=\"Written by\" \/>\n\t<meta name=\"twitter:data1\" content=\"gabriellaorta\" \/>\n\t<meta name=\"twitter:label2\" content=\"Est. reading time\" \/>\n\t<meta name=\"twitter:data2\" content=\"4 minutes\" \/>\n<script type=\"application\/ld+json\" class=\"yoast-schema-graph\">{\"@context\":\"https:\\\/\\\/schema.org\",\"@graph\":[{\"@type\":\"Article\",\"@id\":\"https:\\\/\\\/blog.turbotax.intuit.com\\\/es\\\/planificacion-de-impuestos\\\/me-suspendieron-temporalmente-y-volvi-a-trabajar-como-afecta-eso-mis-impuestos-2-5580\\\/#article\",\"isPartOf\":{\"@id\":\"https:\\\/\\\/blog.turbotax.intuit.com\\\/es\\\/planificacion-de-impuestos\\\/me-suspendieron-temporalmente-y-volvi-a-trabajar-como-afecta-eso-mis-impuestos-2-5580\\\/\"},\"author\":{\"name\":\"gabriellaorta\",\"@id\":\"https:\\\/\\\/blog.turbotax.intuit.com\\\/es\\\/#\\\/schema\\\/person\\\/4a1f3fc820b2b2be9548dcbe2f891862\"},\"headline\":\"Me suspendieron temporalmente y volv\u00ed a trabajar. \u00bfC\u00f3mo afecta eso mis impuestos?\",\"datePublished\":\"2022-07-29T19:55:18+00:00\",\"mainEntityOfPage\":{\"@id\":\"https:\\\/\\\/blog.turbotax.intuit.com\\\/es\\\/planificacion-de-impuestos\\\/me-suspendieron-temporalmente-y-volvi-a-trabajar-como-afecta-eso-mis-impuestos-2-5580\\\/\"},\"wordCount\":821,\"publisher\":{\"@id\":\"https:\\\/\\\/blog.turbotax.intuit.com\\\/es\\\/#organization\"},\"articleSection\":[\"Planificaci\u00f3n de Impuestos\"],\"inLanguage\":\"es-ES\"},{\"@type\":\"WebPage\",\"@id\":\"https:\\\/\\\/blog.turbotax.intuit.com\\\/es\\\/planificacion-de-impuestos\\\/me-suspendieron-temporalmente-y-volvi-a-trabajar-como-afecta-eso-mis-impuestos-2-5580\\\/\",\"url\":\"https:\\\/\\\/blog.turbotax.intuit.com\\\/es\\\/planificacion-de-impuestos\\\/me-suspendieron-temporalmente-y-volvi-a-trabajar-como-afecta-eso-mis-impuestos-2-5580\\\/\",\"name\":\"Me suspendieron temporalmente y volv\u00ed a trabajar. \u00bfC\u00f3mo afecta eso mis impuestos? | TurboTax Blog Espa\u00f1ol\",\"isPartOf\":{\"@id\":\"https:\\\/\\\/blog.turbotax.intuit.com\\\/es\\\/#website\"},\"datePublished\":\"2022-07-29T19:55:18+00:00\",\"breadcrumb\":{\"@id\":\"https:\\\/\\\/blog.turbotax.intuit.com\\\/es\\\/planificacion-de-impuestos\\\/me-suspendieron-temporalmente-y-volvi-a-trabajar-como-afecta-eso-mis-impuestos-2-5580\\\/#breadcrumb\"},\"inLanguage\":\"es-ES\",\"potentialAction\":[{\"@type\":\"ReadAction\",\"target\":[\"https:\\\/\\\/blog.turbotax.intuit.com\\\/es\\\/planificacion-de-impuestos\\\/me-suspendieron-temporalmente-y-volvi-a-trabajar-como-afecta-eso-mis-impuestos-2-5580\\\/\"]}]},{\"@type\":\"BreadcrumbList\",\"@id\":\"https:\\\/\\\/blog.turbotax.intuit.com\\\/es\\\/planificacion-de-impuestos\\\/me-suspendieron-temporalmente-y-volvi-a-trabajar-como-afecta-eso-mis-impuestos-2-5580\\\/#breadcrumb\",\"itemListElement\":[{\"@type\":\"ListItem\",\"position\":1,\"name\":\"Home\",\"item\":\"https:\\\/\\\/blog.turbotax.intuit.com\\\/es\\\/\"},{\"@type\":\"ListItem\",\"position\":2,\"name\":\"Me suspendieron temporalmente y volv\u00ed a trabajar. \u00bfC\u00f3mo afecta eso mis impuestos?\"}]},{\"@type\":\"WebSite\",\"@id\":\"https:\\\/\\\/blog.turbotax.intuit.com\\\/es\\\/#website\",\"url\":\"https:\\\/\\\/blog.turbotax.intuit.com\\\/es\\\/\",\"name\":\"TurboTax Blog Espa\u00f1ol\",\"description\":\"Es todo sobre el reembolso\",\"publisher\":{\"@id\":\"https:\\\/\\\/blog.turbotax.intuit.com\\\/es\\\/#organization\"},\"potentialAction\":[{\"@type\":\"SearchAction\",\"target\":{\"@type\":\"EntryPoint\",\"urlTemplate\":\"https:\\\/\\\/blog.turbotax.intuit.com\\\/es\\\/?s={search_term_string}\"},\"query-input\":{\"@type\":\"PropertyValueSpecification\",\"valueRequired\":true,\"valueName\":\"search_term_string\"}}],\"inLanguage\":\"es-ES\"},{\"@type\":\"Organization\",\"@id\":\"https:\\\/\\\/blog.turbotax.intuit.com\\\/es\\\/#organization\",\"name\":\"TurboTax Blog Espa\u00f1ol\",\"url\":\"https:\\\/\\\/blog.turbotax.intuit.com\\\/es\\\/\",\"logo\":{\"@type\":\"ImageObject\",\"inLanguage\":\"es-ES\",\"@id\":\"https:\\\/\\\/blog.turbotax.intuit.com\\\/es\\\/#\\\/schema\\\/logo\\\/image\\\/\",\"url\":\"https:\\\/\\\/blog.turbotax.intuit.com\\\/es\\\/wp-content\\\/uploads\\\/sites\\\/2\\\/2019\\\/01\\\/tt-blog-logo-dark-2.png\",\"contentUrl\":\"https:\\\/\\\/blog.turbotax.intuit.com\\\/es\\\/wp-content\\\/uploads\\\/sites\\\/2\\\/2019\\\/01\\\/tt-blog-logo-dark-2.png\",\"width\":967,\"height\":175,\"caption\":\"TurboTax Blog Espa\u00f1ol\"},\"image\":{\"@id\":\"https:\\\/\\\/blog.turbotax.intuit.com\\\/es\\\/#\\\/schema\\\/logo\\\/image\\\/\"}},{\"@type\":\"Person\",\"@id\":\"https:\\\/\\\/blog.turbotax.intuit.com\\\/es\\\/#\\\/schema\\\/person\\\/4a1f3fc820b2b2be9548dcbe2f891862\",\"name\":\"gabriellaorta\",\"image\":{\"@type\":\"ImageObject\",\"inLanguage\":\"es-ES\",\"@id\":\"https:\\\/\\\/secure.gravatar.com\\\/avatar\\\/993d899673fbe300aae2d2ab8450571aae45e141a2e19cd099436e9b8b5bf25a?s=96&d=mm&r=g\",\"url\":\"https:\\\/\\\/secure.gravatar.com\\\/avatar\\\/993d899673fbe300aae2d2ab8450571aae45e141a2e19cd099436e9b8b5bf25a?s=96&d=mm&r=g\",\"contentUrl\":\"https:\\\/\\\/secure.gravatar.com\\\/avatar\\\/993d899673fbe300aae2d2ab8450571aae45e141a2e19cd099436e9b8b5bf25a?s=96&d=mm&r=g\",\"caption\":\"gabriellaorta\"},\"url\":\"https:\\\/\\\/blog.turbotax.intuit.com\\\/es\\\/author\\\/marielg\\\/\"}]}<\/script>\n<!-- \/ Yoast SEO plugin. -->","yoast_head_json":{"title":"Me suspendieron temporalmente y volv\u00ed a trabajar. \u00bfC\u00f3mo afecta eso mis impuestos? | TurboTax Blog Espa\u00f1ol","robots":{"index":"index","follow":"follow","max-snippet":"max-snippet:-1","max-image-preview":"max-image-preview:large","max-video-preview":"max-video-preview:-1"},"canonical":"https:\/\/blog.turbotax.intuit.com\/es\/planificacion-de-impuestos\/me-suspendieron-temporalmente-y-volvi-a-trabajar-como-afecta-eso-mis-impuestos-2-5580\/","og_locale":"es_ES","og_type":"article","og_title":"Me suspendieron temporalmente y volv\u00ed a trabajar. \u00bfC\u00f3mo afecta eso mis impuestos? | TurboTax Blog Espa\u00f1ol","og_description":"A ra\u00edz de la pandemia de COVID-19, millones de personas perdieron sus trabajos\u00a0lamentablemente. Algunas fueron despedidas,\u00a0y a otras las suspendieron. Incluso, muchos a\u00fan se enfrentan al desempleo, los despidos o las licencias. Tal vez te preguntes cu\u00e1l es la diferencia entre ser despedido y\u00a0ser\u00a0suspendido. Cuando te despiden, te vas sin ninguna promesa de que te","og_url":"https:\/\/blog.turbotax.intuit.com\/es\/planificacion-de-impuestos\/me-suspendieron-temporalmente-y-volvi-a-trabajar-como-afecta-eso-mis-impuestos-2-5580\/","og_site_name":"Blog en Espa\u00f1ol","article_published_time":"2022-07-29T19:55:18+00:00","author":"gabriellaorta","twitter_card":"summary_large_image","twitter_misc":{"Written by":"gabriellaorta","Est. reading time":"4 minutes"},"schema":{"@context":"https:\/\/schema.org","@graph":[{"@type":"Article","@id":"https:\/\/blog.turbotax.intuit.com\/es\/planificacion-de-impuestos\/me-suspendieron-temporalmente-y-volvi-a-trabajar-como-afecta-eso-mis-impuestos-2-5580\/#article","isPartOf":{"@id":"https:\/\/blog.turbotax.intuit.com\/es\/planificacion-de-impuestos\/me-suspendieron-temporalmente-y-volvi-a-trabajar-como-afecta-eso-mis-impuestos-2-5580\/"},"author":{"name":"gabriellaorta","@id":"https:\/\/blog.turbotax.intuit.com\/es\/#\/schema\/person\/4a1f3fc820b2b2be9548dcbe2f891862"},"headline":"Me suspendieron temporalmente y volv\u00ed a trabajar. \u00bfC\u00f3mo afecta eso mis impuestos?","datePublished":"2022-07-29T19:55:18+00:00","mainEntityOfPage":{"@id":"https:\/\/blog.turbotax.intuit.com\/es\/planificacion-de-impuestos\/me-suspendieron-temporalmente-y-volvi-a-trabajar-como-afecta-eso-mis-impuestos-2-5580\/"},"wordCount":821,"publisher":{"@id":"https:\/\/blog.turbotax.intuit.com\/es\/#organization"},"articleSection":["Planificaci\u00f3n de Impuestos"],"inLanguage":"es-ES"},{"@type":"WebPage","@id":"https:\/\/blog.turbotax.intuit.com\/es\/planificacion-de-impuestos\/me-suspendieron-temporalmente-y-volvi-a-trabajar-como-afecta-eso-mis-impuestos-2-5580\/","url":"https:\/\/blog.turbotax.intuit.com\/es\/planificacion-de-impuestos\/me-suspendieron-temporalmente-y-volvi-a-trabajar-como-afecta-eso-mis-impuestos-2-5580\/","name":"Me suspendieron temporalmente y volv\u00ed a trabajar. \u00bfC\u00f3mo afecta eso mis impuestos? | TurboTax Blog Espa\u00f1ol","isPartOf":{"@id":"https:\/\/blog.turbotax.intuit.com\/es\/#website"},"datePublished":"2022-07-29T19:55:18+00:00","breadcrumb":{"@id":"https:\/\/blog.turbotax.intuit.com\/es\/planificacion-de-impuestos\/me-suspendieron-temporalmente-y-volvi-a-trabajar-como-afecta-eso-mis-impuestos-2-5580\/#breadcrumb"},"inLanguage":"es-ES","potentialAction":[{"@type":"ReadAction","target":["https:\/\/blog.turbotax.intuit.com\/es\/planificacion-de-impuestos\/me-suspendieron-temporalmente-y-volvi-a-trabajar-como-afecta-eso-mis-impuestos-2-5580\/"]}]},{"@type":"BreadcrumbList","@id":"https:\/\/blog.turbotax.intuit.com\/es\/planificacion-de-impuestos\/me-suspendieron-temporalmente-y-volvi-a-trabajar-como-afecta-eso-mis-impuestos-2-5580\/#breadcrumb","itemListElement":[{"@type":"ListItem","position":1,"name":"Home","item":"https:\/\/blog.turbotax.intuit.com\/es\/"},{"@type":"ListItem","position":2,"name":"Me suspendieron temporalmente y volv\u00ed a trabajar. \u00bfC\u00f3mo afecta eso mis impuestos?"}]},{"@type":"WebSite","@id":"https:\/\/blog.turbotax.intuit.com\/es\/#website","url":"https:\/\/blog.turbotax.intuit.com\/es\/","name":"TurboTax Blog Espa\u00f1ol","description":"Es todo sobre el reembolso","publisher":{"@id":"https:\/\/blog.turbotax.intuit.com\/es\/#organization"},"potentialAction":[{"@type":"SearchAction","target":{"@type":"EntryPoint","urlTemplate":"https:\/\/blog.turbotax.intuit.com\/es\/?s={search_term_string}"},"query-input":{"@type":"PropertyValueSpecification","valueRequired":true,"valueName":"search_term_string"}}],"inLanguage":"es-ES"},{"@type":"Organization","@id":"https:\/\/blog.turbotax.intuit.com\/es\/#organization","name":"TurboTax Blog Espa\u00f1ol","url":"https:\/\/blog.turbotax.intuit.com\/es\/","logo":{"@type":"ImageObject","inLanguage":"es-ES","@id":"https:\/\/blog.turbotax.intuit.com\/es\/#\/schema\/logo\/image\/","url":"https:\/\/blog.turbotax.intuit.com\/es\/wp-content\/uploads\/sites\/2\/2019\/01\/tt-blog-logo-dark-2.png","contentUrl":"https:\/\/blog.turbotax.intuit.com\/es\/wp-content\/uploads\/sites\/2\/2019\/01\/tt-blog-logo-dark-2.png","width":967,"height":175,"caption":"TurboTax Blog Espa\u00f1ol"},"image":{"@id":"https:\/\/blog.turbotax.intuit.com\/es\/#\/schema\/logo\/image\/"}},{"@type":"Person","@id":"https:\/\/blog.turbotax.intuit.com\/es\/#\/schema\/person\/4a1f3fc820b2b2be9548dcbe2f891862","name":"gabriellaorta","image":{"@type":"ImageObject","inLanguage":"es-ES","@id":"https:\/\/secure.gravatar.com\/avatar\/993d899673fbe300aae2d2ab8450571aae45e141a2e19cd099436e9b8b5bf25a?s=96&d=mm&r=g","url":"https:\/\/secure.gravatar.com\/avatar\/993d899673fbe300aae2d2ab8450571aae45e141a2e19cd099436e9b8b5bf25a?s=96&d=mm&r=g","contentUrl":"https:\/\/secure.gravatar.com\/avatar\/993d899673fbe300aae2d2ab8450571aae45e141a2e19cd099436e9b8b5bf25a?s=96&d=mm&r=g","caption":"gabriellaorta"},"url":"https:\/\/blog.turbotax.intuit.com\/es\/author\/marielg\/"}]}},"header_image":"","jetpack_publicize_connections":[],"jetpack_featured_media_url":"","jetpack_sharing_enabled":true,"jetpack_shortlink":"https:\/\/wp.me\/pdHEVC-1s0","intuit_reading_minutes":4,"_links":{"self":[{"href":"https:\/\/blog.turbotax.intuit.com\/es\/wp-json\/wp\/v2\/posts\/5580","targetHints":{"allow":["GET"]}}],"collection":[{"href":"https:\/\/blog.turbotax.intuit.com\/es\/wp-json\/wp\/v2\/posts"}],"about":[{"href":"https:\/\/blog.turbotax.intuit.com\/es\/wp-json\/wp\/v2\/types\/post"}],"author":[{"embeddable":true,"href":"https:\/\/blog.turbotax.intuit.com\/es\/wp-json\/wp\/v2\/users\/140334752"}],"replies":[{"embeddable":true,"href":"https:\/\/blog.turbotax.intuit.com\/es\/wp-json\/wp\/v2\/comments?post=5580"}],"version-history":[{"count":2,"href":"https:\/\/blog.turbotax.intuit.com\/es\/wp-json\/wp\/v2\/posts\/5580\/revisions"}],"predecessor-version":[{"id":5582,"href":"https:\/\/blog.turbotax.intuit.com\/es\/wp-json\/wp\/v2\/posts\/5580\/revisions\/5582"}],"wp:attachment":[{"href":"https:\/\/blog.turbotax.intuit.com\/es\/wp-json\/wp\/v2\/media?parent=5580"}],"wp:term":[{"taxonomy":"category","embeddable":true,"href":"https:\/\/blog.turbotax.intuit.com\/es\/wp-json\/wp\/v2\/categories?post=5580"},{"taxonomy":"post_tag","embeddable":true,"href":"https:\/\/blog.turbotax.intuit.com\/es\/wp-json\/wp\/v2\/tags?post=5580"},{"taxonomy":"intuit_collection","embeddable":true,"href":"https:\/\/blog.turbotax.intuit.com\/es\/wp-json\/wp\/v2\/intuit_collection?post=5580"},{"taxonomy":"intuit_series","embeddable":true,"href":"https:\/\/blog.turbotax.intuit.com\/es\/wp-json\/wp\/v2\/intuit_series?post=5580"},{"taxonomy":"tt_tax_year","embeddable":true,"href":"https:\/\/blog.turbotax.intuit.com\/es\/wp-json\/wp\/v2\/tt_tax_year?post=5580"},{"taxonomy":"author","embeddable":true,"href":"https:\/\/blog.turbotax.intuit.com\/es\/wp-json\/wp\/v2\/coauthors?post=5580"}],"curies":[{"name":"wp","href":"https:\/\/api.w.org\/{rel}","templated":true}]}}