{"id":4491,"date":"2021-04-14T00:01:13","date_gmt":"2021-04-14T07:01:13","guid":{"rendered":"https:\/\/blog.turbotax.intuit.com\/es\/?p=4491"},"modified":"2021-04-22T16:13:25","modified_gmt":"2021-04-22T23:13:25","slug":"ve-nuestro-evento-digital-impuestos-sin-estres-taxes-chill-y-alcanza-el-exito-financiero-como-trabajador-por-cuenta-propia","status":"publish","type":"post","link":"https:\/\/blog.turbotax.intuit.com\/es\/trabajo-por-cuenta-propia\/ve-nuestro-evento-digital-impuestos-sin-estres-taxes-chill-y-alcanza-el-exito-financiero-como-trabajador-por-cuenta-propia-4491\/","title":{"rendered":"Ve nuestro evento digital \u201cImpuestos sin estr\u00e9s\u201d (Taxes &#038; Chill) y alcanza el \u00e9xito financiero como trabajador por cuenta propia"},"content":{"rendered":"<p><em>Recordatorio: Aunque la fecha l\u00edmite para la presentaci\u00f3n de impuestos del a\u00f1o tributario 2020\u00a0<\/em><a href=\"https:\/\/blog.turbotax.intuit.com\/es\/noticias-sobre-impuestos\/el-irs-anuncio-la-extension-de-la-fecha-limite-de-presentacion-y-pago-de-impuestos-federales-4299\/\"><em>se extendi\u00f3<\/em><\/a><em>\u00a0al 17 de mayo de 2021, las\u00a0<\/em><a href=\"https:\/\/blog.turbotax.intuit.com\/es\/trabajo-por-cuenta-propia\/trabajas-por-cuenta-propia-no-te-olvides-de-la-fecha-limite-para-los-impuestos-estimados-133\/\"><em>fechas l\u00edmite correspondientes a los impuestos trimestrales estimados<\/em><\/a><em>\u00a0siguen siendo las mismas para\u00a0<\/em><a href=\"https:\/\/blog.turbotax.intuit.com\/es\/trabajo-por-cuenta-propia\/guia-sobre-impuestos-para-trabajadores-por-cuenta-propia-todo-lo-que-necesitas-saber-1013\/\"><em>trabajadores por cuenta propia y peque\u00f1as empresas<\/em><\/a><em>. La primera fecha l\u00edmite para los impuestos trimestrales estimados de 2021 es el 15 de abril de 2021<\/em>.<\/p>\n<p>Hola, trabajadores independientes: \u00bfimpuestos sin estr\u00e9s?<\/p>\n<p>En asociaci\u00f3n con Create &amp; Cultivate, organizamos el evento digital\u00a0<a href=\"https:\/\/www.createcultivate.com\/turbotax-taxes-and-chill\" target=\"_blank\">Impuestos sin estr\u00e9s<\/a> (Taxes &amp; Chill) a fin de responder a las principales preguntas sobre impuestos y finanzas de trabajadores por cuenta propia. Si no pudiste ver el evento en vivo, no te preocupes. Ingresa <a href=\"https:\/\/www.createcultivate.com\/turbotax-taxes-and-chill\" target=\"_blank\">AQU\u00cd<\/a> para acceder a los recursos que tal vez te hayas perdido y prepararte para ocuparte de tus impuestos y finanzas con confianza.<\/p>\n<p>A continuaci\u00f3n, ve algunos de nuestros momentos destacados favoritos del evento digital #CCTaxesandChill y obt\u00e9n un resumen de lo que te perdiste. Adem\u00e1s, aseg\u00farate de ir al\u00a0<a href=\"https:\/\/www.createcultivate.com\/turbotax-taxes-and-chill\" target=\"_blank\">sitio web del evento<\/a>\u00a0para ponerte al d\u00eda con todos los recursos financieros y #ConsejosTributariosParaTrabajadoresPorCuentaPropia que te ayudar\u00e1n en esta temporada de impuestos (y despu\u00e9s tambi\u00e9n).<\/p>\n<div style=\"width: 1280px;\" class=\"wp-video\"><video class=\"wp-video-shortcode\" id=\"video-4491-1\" width=\"1280\" height=\"720\" preload=\"metadata\" controls=\"controls\"><source type=\"video\/mp4\" src=\"https:\/\/blog.turbotax.intuit.com\/wp-content\/uploads\/2021\/04\/TurboTax-Horizontal-Sizzle.mp4?_=1\" \/><a href=\"https:\/\/blog.turbotax.intuit.com\/wp-content\/uploads\/2021\/04\/TurboTax-Horizontal-Sizzle.mp4\">https:\/\/blog.turbotax.intuit.com\/wp-content\/uploads\/2021\/04\/TurboTax-Horizontal-Sizzle.mp4<\/a><\/video><\/div>\n<p>&nbsp;<\/p>\n<p>Mientras ves el video, recuerda que no debes preocuparte por conocer todas las leyes tributarias para preparar tus impuestos, ya que <a href=\"https:\/\/turbotax.intuit.com\/personal-taxes\/online\/live\/self-employed.jsp\">TurboTax\u00a0Live\u00a0Self-Employed<\/a> se ocupa de todo. Te har\u00e1 preguntas sencillas sobre ti y sobre tu negocio, y buscar\u00e1 cada cr\u00e9dito y deducci\u00f3n de impuestos para los que seas elegible de acuerdo con tus respuestas.<\/p>\n<p><a href=\"https:\/\/turbotax.intuit.com\/personal-taxes\/online\/live\/self-employed.jsp\">TurboTax\u00a0Live\u00a0Self-Employed<\/a>\u00a0es la soluci\u00f3n de impuestos perfecta para trabajadores y contratistas independientes, y due\u00f1os de peque\u00f1as empresas. Independientemente de c\u00f3mo quieras preparar tus impuestos, ya sea solo con un poco de ayuda o delegando su preparaci\u00f3n por completo, puedes estar seguro de que tu declaraci\u00f3n estar\u00e1 correcta gracias a la ayuda de los expertos en impuestos de TurboTax\u00a0Live<\/p>\n<h2><strong>Impuestos sin estr\u00e9s: Recursos para el dinero y los impuestos<\/strong><\/h2>\n<h3><strong>Primero las finanzas: consejos sobre gesti\u00f3n de dinero e impuestos para emprendimientos, creadores de contenido y trabajadores independientes [debate en mesa redonda]<\/strong><\/h3>\n<div style=\"width: 1920px;\" class=\"wp-video\"><video class=\"wp-video-shortcode\" id=\"video-4491-2\" width=\"1920\" height=\"1080\" preload=\"metadata\" controls=\"controls\"><source type=\"video\/mp4\" src=\"https:\/\/blog.turbotax.intuit.com\/wp-content\/uploads\/2021\/04\/NEW-Video-Cut-Down-1-FinancesFirst.mp4?_=2\" \/><a href=\"https:\/\/blog.turbotax.intuit.com\/wp-content\/uploads\/2021\/04\/NEW-Video-Cut-Down-1-FinancesFirst.mp4\">https:\/\/blog.turbotax.intuit.com\/wp-content\/uploads\/2021\/04\/NEW-Video-Cut-Down-1-FinancesFirst.mp4<\/a><\/video><\/div>\n<p><em>\u00bfQuieres aprender c\u00f3mo priorizar tus finanzas y recibir respuestas a todas tus preguntas sobre impuestos como trabajador por cuenta propia?\u00a0<\/em><a href=\"https:\/\/www.createcultivate.com\/turbotax-taxes-and-chill\" target=\"_blank\"><em>Ve el debate completo en esta mesa de di\u00e1logo<\/em><\/a><em>\u00a0<\/em>arriba <em>con Brittney Castro (planificadora financiera profesional certificada de Mint y directora general y fundadora de Financially Wise), Lisa Greene-Lewis, Grace Atwood y Katie Sands, con Megan Beauchamp como moderadora. <\/em>Estos son algunos de los temas que las panelistas tocan:<\/p>\n<ul>\n<li><em>C\u00f3mo abordar los puntos conflictivos de los trabajadores por cuenta propia, como la variabilidad de los ingresos, el seguimiento de los gastos y el seguimiento de las finanzas.<\/em><\/li>\n<li><em>Los mejores consejos tributarios y financieros para las nuevas empresas, las personas con trabajos secundarios y los emprendedores.<\/em><\/li>\n<li><em>C\u00f3mo afectan los diferentes tipos de entidades empresariales a la situaci\u00f3n tributaria y financiera de un trabajador por cuenta propia y c\u00f3mo elegir su clasificaci\u00f3n como tal.<\/em><\/li>\n<li><em>Las principales deducciones de impuestos para trabajadores por cuenta propia que suelen pasarse por alto y c\u00f3mo prepararse mejor para la temporada de impuestos.<\/em><\/li>\n<li><em>Objetivos financieros factibles que los empresarios pueden establecer para crear una riqueza transformadora no s\u00f3lo para su negocio.<\/em><\/li>\n<\/ul>\n<h3><strong>De un trabajo secundario a trabajador por cuenta propia a tiempo completo: consejos sobre finanzas e impuestos para facilitar la transici\u00f3n [taller]<\/strong><\/h3>\n<div style=\"width: 1920px;\" class=\"wp-video\"><video class=\"wp-video-shortcode\" id=\"video-4491-3\" width=\"1920\" height=\"1080\" preload=\"metadata\" controls=\"controls\"><source type=\"video\/mp4\" src=\"https:\/\/blog.turbotax.intuit.com\/wp-content\/uploads\/2021\/04\/NEW-Video-Cut-Down-2-Hustle.mp4?_=3\" \/><a href=\"https:\/\/blog.turbotax.intuit.com\/wp-content\/uploads\/2021\/04\/NEW-Video-Cut-Down-2-Hustle.mp4\">https:\/\/blog.turbotax.intuit.com\/wp-content\/uploads\/2021\/04\/NEW-Video-Cut-Down-2-Hustle.mp4<\/a><\/video><\/div>\n<p><em>\u00bfEst\u00e1s listo para dar el salto de una actividad secundaria a dedicarte de lleno a un trabajo por cuenta propia? Aunque no hayas podido ver la sesi\u00f3n en vivo,\u00a0<\/em><a href=\"https:\/\/www.createcultivate.com\/turbotax-taxes-and-chill\" target=\"_blank\"><em>puedes ponerte al d\u00eda en esta sesi\u00f3n de trabajo<\/em><\/a><em>\u00a0con Lisa Greene-Lewis y Brittney Castro a fin de aprender c\u00f3mo prepararte para el \u00e9xito desde una perspectiva financiera y tributaria. Aseg\u00farate de descargar los activos del taller que compartieron Brittney y Lisa\u00a0<\/em><a href=\"https:\/\/www.dropbox.com\/s\/jv997nzxpshnmaa\/%5bTaxes%20and%20Chill%5d%20Side-Hustle%20to%20Fully%20Self-Employed-%20Finance%20and%20Tax%20Tips%20to%20Help%20You%20Transition.pdf?dl=0\" target=\"_blank\"><em>AQU\u00cd<\/em><\/a><em>.<\/em><\/p>\n<p><em>C\u00f3mo prepararte<\/em><\/p>\n<ul>\n<li><em>Establece tu tipo de negocio<\/em><\/li>\n<li><em>Separa las cuentas bancarias de la empresa y las personales<\/em><\/li>\n<li><em>Presupuesto para ti y para tu negocio<\/em><\/li>\n<li><em>Establece objetivos<\/em><\/li>\n<li><em>Establece tu seguro m\u00e9dico y tu plan de jubilaci\u00f3n<\/em><\/li>\n<li><em>Crear un fondo de emergencia<\/em><\/li>\n<\/ul>\n<p><em>C\u00f3mo planificarte<\/em><\/p>\n<ul>\n<li><em>Controla los ingresos y los gastos<\/em><\/li>\n<li><em>Revisa tus planes financieros<\/em><\/li>\n<li><em>Utiliza herramientas y ayuda de expertos para reducir tu deuda tributaria<\/em><\/li>\n<\/ul>\n<p><em>Herramientas en l\u00ednea <\/em><\/p>\n<ul>\n<li style=\"list-style-type: none;\">\n<ul>\n<li><a href=\"https:\/\/turbotax.intuit.com\/personal-taxes\/mobile\/\"><em>TurboTax<\/em><\/a><em>\u00a0and\u00a0<\/em><a href=\"https:\/\/apps.apple.com\/us\/app\/mint-personal-finance-money\/id300238550\" target=\"_blank\"><em>Mint<\/em><\/a><em>\u00a0app<\/em><\/li>\n<li><em><a href=\"https:\/\/turbotax.intuit.com\/personal-taxes\/en-espanol\/\">TurboTax.com<\/a><\/em><\/li>\n<li><a href=\"https:\/\/blog.turbotax.intuit.com\/es\/\"><em>TurboTax<\/em><\/a><em>\u00a0&amp;\u00a0<\/em><a href=\"https:\/\/mint.intuit.com\/blog\/\"><em>Mint<\/em><\/a><em>\u00a0Blogs<\/em><\/li>\n<li><a href=\"https:\/\/quickbooks.intuit.com\/self-employed\/\"><em>QuickBooks Self-Employed<\/em><\/a><\/li>\n<\/ul>\n<\/li>\n<\/ul>\n<h3><strong>Cambia a la rentabilidad: planificaci\u00f3n financiera y tributaria para fortalecer las bases de tu negocio [debate en mesa redonda]<\/strong><\/h3>\n<div style=\"width: 1920px;\" class=\"wp-video\"><video class=\"wp-video-shortcode\" id=\"video-4491-4\" width=\"1920\" height=\"1080\" preload=\"metadata\" controls=\"controls\"><source type=\"video\/mp4\" src=\"https:\/\/blog.turbotax.intuit.com\/wp-content\/uploads\/2021\/04\/NEW-Video-Cut-Down-3-PivotToProfit.mp4?_=4\" \/><a href=\"https:\/\/blog.turbotax.intuit.com\/wp-content\/uploads\/2021\/04\/NEW-Video-Cut-Down-3-PivotToProfit.mp4\">https:\/\/blog.turbotax.intuit.com\/wp-content\/uploads\/2021\/04\/NEW-Video-Cut-Down-3-PivotToProfit.mp4<\/a><\/video><\/div>\n<p><em>\u00bfC\u00f3mo desarrollar negocios en \u201cla nueva normalidad\u201d y recibir orientaci\u00f3n para definir objetivos efectivos?\u00a0<\/em><a href=\"https:\/\/www.createcultivate.com\/turbotax-taxes-and-chill\" target=\"_blank\"><em>Sum\u00e9rgete en la mesa de di\u00e1logo<\/em><\/a><em>\u00a0con Brittney Castro, Lisa Greene-Lewis, Aleksandra Zee y Julie Solomon, con Ashley Dunn como moderadora.<\/em><\/p>\n<ul>\n<li><em>Asesoramiento y recursos tributarios y financieros para trabajadores por cuenta propia y peque\u00f1as empresas que cambiaron r\u00e1pidamente su modelo de negocio debido al COVID-19<\/em><\/li>\n<li><em>Herramientas y consejos tributarios y financieros que pueden ayudar a frenar el gasto y ayudar a los empresarios a ahorrar dinero<\/em><\/li>\n<li><em>Pasos que los empresarios pueden dar para asegurarse de que sus impuestos y sus finanzas van por el buen camino al salir de ese cambio y c\u00f3mo pueden asegurarse de que est\u00e1n preparados para el \u00e9xito en el futuro<\/em><\/li>\n<li><em>C\u00f3mo invertir en ti mismo y en tu bienestar como empresario por cuenta propia o propietario de una peque\u00f1a empresa<\/em><\/li>\n<\/ul>\n<h3><strong>Recursos y orientaci\u00f3n sobre el COVID-19 para peque\u00f1as empresas y trabajadores por cuenta propia [taller]<\/strong><\/h3>\n<p><em>\u00bfTe perdiste el evento en vivo? A\u00fan puedes\u00a0<\/em><a href=\"https:\/\/www.createcultivate.com\/turbotax-taxes-and-chill\" target=\"_blank\"><em>ver toda la sesi\u00f3n de trabajo en vivo<\/em><\/a><em>\u00a0dedicada a la ayuda con relaci\u00f3n al COVID-19, que incluye las consecuencias tributarias y los recursos disponibles para los trabajadores por cuenta propia, con la participaci\u00f3n de Lisa Greene-Lewis (contadora p\u00fablica autorizada y experta en impuestos de TurboTax). Aseg\u00farate de descargar tambi\u00e9n los activos del taller que comparti\u00f3 Lisa\u00a0<\/em><a href=\"http:\/\/bit.ly\/2OXVMMv\" target=\"_blank\"><em>AQU\u00cd<\/em><\/a><em>.<\/em><\/p>\n<p><em><a href=\"https:\/\/blog.turbotax.intuit.com\/es\/trabajo-por-cuenta-propia-centro-de-alivio-al-coronavirus\/\">Centro de alivio por COVID-19<\/a><\/em><\/p>\n<ul>\n<li><em>El Plan de rescate estadounidense<\/em><\/li>\n<li><em>La Ley de Asignaciones Suplementarias de Respuesta y Alivio contra el Coronavirus<\/em><\/li>\n<li><em>La Ley Cares<\/em><\/li>\n<li><em>La Ley Familias Primero en Respuesta al Coronavirus<\/em><\/li>\n<\/ul>\n<p><em><a href=\"https:\/\/blog.turbotax.intuit.com\/es\/trabajo-por-cuenta-propia-centro-de-alivio-al-coronavirus\/\">Cr\u00e9ditos de alivio tributario<\/a><\/em><\/p>\n<ul>\n<li><em>Cr\u00e9dito tributario para trabajadores por cuenta propia por licencia por enfermedad<\/em><\/li>\n<li><em>Cr\u00e9dito tributarios para trabajadores por cuenta propia por licencia familiar<\/em><\/li>\n<li><em>Cr\u00e9dito tributario para peque\u00f1as empresas por licencia por enfermedad pagada<\/em><\/li>\n<li><em>Cr\u00e9dito tributario para peque\u00f1as empresas por licencia familiar pagada<\/em><\/li>\n<\/ul>\n<p><em>\u00a0<\/em><em><a href=\"https:\/\/blog.turbotax.intuit.com\/es\/centro-de-desempleo\/\">Beneficios y seguro de desempleo<\/a><\/em><\/p>\n<ul>\n<li><em>Asistencia de desempleo por la pandemia (PUA, por sus siglas en ingl\u00e9s)<\/em><\/li>\n<li><em>Programa federal de indemnizaci\u00f3n por desempleo en caso de pandemia (FPUC, por sus siglas en ingl\u00e9s)<\/em><\/li>\n<li><em>Ayuda de emergencia por desempleo en caso de pandemia (PEUC, por sus siglas en ingl\u00e9s)<\/em><\/li>\n<\/ul>\n","protected":false},"excerpt":{"rendered":"<p>Recordatorio: Aunque la fecha l\u00edmite para la presentaci\u00f3n de impuestos del a\u00f1o tributario 2020\u00a0se extendi\u00f3\u00a0al 17 de mayo de 2021, las\u00a0fechas l\u00edmite correspondientes a los impuestos trimestrales estimados\u00a0siguen siendo las mismas para\u00a0trabajadores por cuenta propia y peque\u00f1as empresas. La primera fecha l\u00edmite para los impuestos trimestrales estimados de 2021 es el 15 de abril de<\/p>\n","protected":false},"author":40651797,"featured_media":4492,"comment_status":"closed","ping_status":"open","sticky":false,"template":"","format":"standard","meta":{"rkv_browse_by_id":0,"rkv_cta_id":0,"rkv_optimize_for_pagespeed":false,"jetpack_post_was_ever_published":false,"_jetpack_newsletter_access":"","_jetpack_dont_email_post_to_subs":false,"_jetpack_newsletter_tier_id":0,"_jetpack_memberships_contains_paywalled_content":false,"useModifiedDate":false,"customPublishDate":"","rkv_show_reading_progress":false,"_jetpack_memberships_contains_paid_content":false,"footnotes":"","jetpack_publicize_message":"","jetpack_publicize_feature_enabled":true,"jetpack_social_post_already_shared":true,"jetpack_social_options":{"image_generator_settings":{"template":"highway","default_image_id":0,"font":"","enabled":false},"version":2},"_wpas_customize_per_network":false},"categories":[19],"tags":[217,48,57],"intuit_collection":[],"intuit_series":[],"tt_tax_year":[],"coauthors":[],"class_list":["post-4491","post","type-post","status-publish","format-standard","has-post-thumbnail","hentry","category-trabajo-por-cuenta-propia","tag-consejos-tributarios-para-trabajadores-por-cuenta-propia","tag-impuestos","tag-presentacion-de-impuestos"],"yoast_head":"<!-- This site is optimized with the Yoast SEO plugin v27.3 - https:\/\/yoast.com\/product\/yoast-seo-wordpress\/ -->\n<title>Ve nuestro evento digital \u201cImpuestos sin estr\u00e9s\u201d (Taxes &amp; Chill) y alcanza el \u00e9xito financiero como trabajador por cuenta propia | TurboTax Blog Espa\u00f1ol<\/title>\n<meta name=\"robots\" content=\"index, follow, max-snippet:-1, max-image-preview:large, max-video-preview:-1\" \/>\n<link rel=\"canonical\" href=\"https:\/\/blog.turbotax.intuit.com\/es\/trabajo-por-cuenta-propia\/ve-nuestro-evento-digital-impuestos-sin-estres-taxes-chill-y-alcanza-el-exito-financiero-como-trabajador-por-cuenta-propia-4491\/\" \/>\n<meta property=\"og:locale\" content=\"es_ES\" \/>\n<meta property=\"og:type\" content=\"article\" \/>\n<meta property=\"og:title\" content=\"Ve nuestro evento digital \u201cImpuestos sin estr\u00e9s\u201d (Taxes &amp; Chill) y alcanza el \u00e9xito financiero como trabajador por cuenta propia | TurboTax Blog Espa\u00f1ol\" \/>\n<meta property=\"og:description\" content=\"Recordatorio: Aunque la fecha l\u00edmite para la presentaci\u00f3n de impuestos del a\u00f1o tributario 2020\u00a0se extendi\u00f3\u00a0al 17 de mayo de 2021, las\u00a0fechas l\u00edmite correspondientes a los impuestos trimestrales estimados\u00a0siguen siendo las mismas para\u00a0trabajadores por cuenta propia y peque\u00f1as empresas. La primera fecha l\u00edmite para los impuestos trimestrales estimados de 2021 es el 15 de abril de\" \/>\n<meta property=\"og:url\" content=\"https:\/\/blog.turbotax.intuit.com\/es\/trabajo-por-cuenta-propia\/ve-nuestro-evento-digital-impuestos-sin-estres-taxes-chill-y-alcanza-el-exito-financiero-como-trabajador-por-cuenta-propia-4491\/\" \/>\n<meta property=\"og:site_name\" content=\"Blog en Espa\u00f1ol\" \/>\n<meta property=\"article:published_time\" content=\"2021-04-14T07:01:13+00:00\" \/>\n<meta property=\"article:modified_time\" content=\"2021-04-22T23:13:25+00:00\" \/>\n<meta property=\"og:image\" content=\"https:\/\/blog.turbotax.intuit.com\/es\/wp-content\/uploads\/sites\/2\/2021\/04\/TaxesandChill.png\" \/>\n\t<meta property=\"og:image:width\" content=\"6667\" \/>\n\t<meta property=\"og:image:height\" content=\"3751\" \/>\n\t<meta property=\"og:image:type\" content=\"image\/png\" \/>\n<meta name=\"author\" content=\"TurboTaxBlogTeam\" \/>\n<meta name=\"twitter:card\" content=\"summary_large_image\" \/>\n<meta name=\"twitter:label1\" content=\"Written by\" \/>\n\t<meta name=\"twitter:data1\" content=\"TurboTaxBlogTeam\" \/>\n\t<meta name=\"twitter:label2\" content=\"Est. reading time\" \/>\n\t<meta name=\"twitter:data2\" content=\"6 minutes\" \/>\n<script type=\"application\/ld+json\" class=\"yoast-schema-graph\">{\"@context\":\"https:\\\/\\\/schema.org\",\"@graph\":[{\"@type\":\"Article\",\"@id\":\"https:\\\/\\\/blog.turbotax.intuit.com\\\/es\\\/trabajo-por-cuenta-propia\\\/ve-nuestro-evento-digital-impuestos-sin-estres-taxes-chill-y-alcanza-el-exito-financiero-como-trabajador-por-cuenta-propia-4491\\\/#article\",\"isPartOf\":{\"@id\":\"https:\\\/\\\/blog.turbotax.intuit.com\\\/es\\\/trabajo-por-cuenta-propia\\\/ve-nuestro-evento-digital-impuestos-sin-estres-taxes-chill-y-alcanza-el-exito-financiero-como-trabajador-por-cuenta-propia-4491\\\/\"},\"author\":{\"name\":\"TurboTaxBlogTeam\",\"@id\":\"https:\\\/\\\/blog.turbotax.intuit.com\\\/es\\\/#\\\/schema\\\/person\\\/aec2b0253674fe768123744657b0454d\"},\"headline\":\"Ve nuestro evento digital \u201cImpuestos sin estr\u00e9s\u201d (Taxes &#038; Chill) y alcanza el \u00e9xito financiero como trabajador por cuenta propia\",\"datePublished\":\"2021-04-14T07:01:13+00:00\",\"dateModified\":\"2021-04-22T23:13:25+00:00\",\"mainEntityOfPage\":{\"@id\":\"https:\\\/\\\/blog.turbotax.intuit.com\\\/es\\\/trabajo-por-cuenta-propia\\\/ve-nuestro-evento-digital-impuestos-sin-estres-taxes-chill-y-alcanza-el-exito-financiero-como-trabajador-por-cuenta-propia-4491\\\/\"},\"wordCount\":1210,\"publisher\":{\"@id\":\"https:\\\/\\\/blog.turbotax.intuit.com\\\/es\\\/#organization\"},\"image\":{\"@id\":\"https:\\\/\\\/blog.turbotax.intuit.com\\\/es\\\/trabajo-por-cuenta-propia\\\/ve-nuestro-evento-digital-impuestos-sin-estres-taxes-chill-y-alcanza-el-exito-financiero-como-trabajador-por-cuenta-propia-4491\\\/#primaryimage\"},\"thumbnailUrl\":\"https:\\\/\\\/blog.turbotax.intuit.com\\\/es\\\/wp-content\\\/uploads\\\/sites\\\/2\\\/2021\\\/04\\\/TaxesandChill.png\",\"keywords\":[\"consejos tributarios para trabajadores por cuenta propia\",\"impuestos\",\"presentacion de impuestos\"],\"articleSection\":[\"Trabajo por Cuenta Propia\"],\"inLanguage\":\"es-ES\"},{\"@type\":\"WebPage\",\"@id\":\"https:\\\/\\\/blog.turbotax.intuit.com\\\/es\\\/trabajo-por-cuenta-propia\\\/ve-nuestro-evento-digital-impuestos-sin-estres-taxes-chill-y-alcanza-el-exito-financiero-como-trabajador-por-cuenta-propia-4491\\\/\",\"url\":\"https:\\\/\\\/blog.turbotax.intuit.com\\\/es\\\/trabajo-por-cuenta-propia\\\/ve-nuestro-evento-digital-impuestos-sin-estres-taxes-chill-y-alcanza-el-exito-financiero-como-trabajador-por-cuenta-propia-4491\\\/\",\"name\":\"Ve nuestro evento digital \u201cImpuestos sin estr\u00e9s\u201d (Taxes & Chill) y alcanza el \u00e9xito financiero como trabajador por cuenta propia | TurboTax Blog Espa\u00f1ol\",\"isPartOf\":{\"@id\":\"https:\\\/\\\/blog.turbotax.intuit.com\\\/es\\\/#website\"},\"primaryImageOfPage\":{\"@id\":\"https:\\\/\\\/blog.turbotax.intuit.com\\\/es\\\/trabajo-por-cuenta-propia\\\/ve-nuestro-evento-digital-impuestos-sin-estres-taxes-chill-y-alcanza-el-exito-financiero-como-trabajador-por-cuenta-propia-4491\\\/#primaryimage\"},\"image\":{\"@id\":\"https:\\\/\\\/blog.turbotax.intuit.com\\\/es\\\/trabajo-por-cuenta-propia\\\/ve-nuestro-evento-digital-impuestos-sin-estres-taxes-chill-y-alcanza-el-exito-financiero-como-trabajador-por-cuenta-propia-4491\\\/#primaryimage\"},\"thumbnailUrl\":\"https:\\\/\\\/blog.turbotax.intuit.com\\\/es\\\/wp-content\\\/uploads\\\/sites\\\/2\\\/2021\\\/04\\\/TaxesandChill.png\",\"datePublished\":\"2021-04-14T07:01:13+00:00\",\"dateModified\":\"2021-04-22T23:13:25+00:00\",\"breadcrumb\":{\"@id\":\"https:\\\/\\\/blog.turbotax.intuit.com\\\/es\\\/trabajo-por-cuenta-propia\\\/ve-nuestro-evento-digital-impuestos-sin-estres-taxes-chill-y-alcanza-el-exito-financiero-como-trabajador-por-cuenta-propia-4491\\\/#breadcrumb\"},\"inLanguage\":\"es-ES\",\"potentialAction\":[{\"@type\":\"ReadAction\",\"target\":[\"https:\\\/\\\/blog.turbotax.intuit.com\\\/es\\\/trabajo-por-cuenta-propia\\\/ve-nuestro-evento-digital-impuestos-sin-estres-taxes-chill-y-alcanza-el-exito-financiero-como-trabajador-por-cuenta-propia-4491\\\/\"]}]},{\"@type\":\"ImageObject\",\"inLanguage\":\"es-ES\",\"@id\":\"https:\\\/\\\/blog.turbotax.intuit.com\\\/es\\\/trabajo-por-cuenta-propia\\\/ve-nuestro-evento-digital-impuestos-sin-estres-taxes-chill-y-alcanza-el-exito-financiero-como-trabajador-por-cuenta-propia-4491\\\/#primaryimage\",\"url\":\"https:\\\/\\\/blog.turbotax.intuit.com\\\/es\\\/wp-content\\\/uploads\\\/sites\\\/2\\\/2021\\\/04\\\/TaxesandChill.png\",\"contentUrl\":\"https:\\\/\\\/blog.turbotax.intuit.com\\\/es\\\/wp-content\\\/uploads\\\/sites\\\/2\\\/2021\\\/04\\\/TaxesandChill.png\",\"width\":6667,\"height\":3751},{\"@type\":\"BreadcrumbList\",\"@id\":\"https:\\\/\\\/blog.turbotax.intuit.com\\\/es\\\/trabajo-por-cuenta-propia\\\/ve-nuestro-evento-digital-impuestos-sin-estres-taxes-chill-y-alcanza-el-exito-financiero-como-trabajador-por-cuenta-propia-4491\\\/#breadcrumb\",\"itemListElement\":[{\"@type\":\"ListItem\",\"position\":1,\"name\":\"Home\",\"item\":\"https:\\\/\\\/blog.turbotax.intuit.com\\\/es\\\/\"},{\"@type\":\"ListItem\",\"position\":2,\"name\":\"Ve nuestro evento digital \u201cImpuestos sin estr\u00e9s\u201d (Taxes &#038; Chill) y alcanza el \u00e9xito financiero como trabajador por cuenta propia\"}]},{\"@type\":\"WebSite\",\"@id\":\"https:\\\/\\\/blog.turbotax.intuit.com\\\/es\\\/#website\",\"url\":\"https:\\\/\\\/blog.turbotax.intuit.com\\\/es\\\/\",\"name\":\"TurboTax Blog Espa\u00f1ol\",\"description\":\"Es todo sobre el reembolso\",\"publisher\":{\"@id\":\"https:\\\/\\\/blog.turbotax.intuit.com\\\/es\\\/#organization\"},\"potentialAction\":[{\"@type\":\"SearchAction\",\"target\":{\"@type\":\"EntryPoint\",\"urlTemplate\":\"https:\\\/\\\/blog.turbotax.intuit.com\\\/es\\\/?s={search_term_string}\"},\"query-input\":{\"@type\":\"PropertyValueSpecification\",\"valueRequired\":true,\"valueName\":\"search_term_string\"}}],\"inLanguage\":\"es-ES\"},{\"@type\":\"Organization\",\"@id\":\"https:\\\/\\\/blog.turbotax.intuit.com\\\/es\\\/#organization\",\"name\":\"TurboTax Blog Espa\u00f1ol\",\"url\":\"https:\\\/\\\/blog.turbotax.intuit.com\\\/es\\\/\",\"logo\":{\"@type\":\"ImageObject\",\"inLanguage\":\"es-ES\",\"@id\":\"https:\\\/\\\/blog.turbotax.intuit.com\\\/es\\\/#\\\/schema\\\/logo\\\/image\\\/\",\"url\":\"https:\\\/\\\/blog.turbotax.intuit.com\\\/es\\\/wp-content\\\/uploads\\\/sites\\\/2\\\/2019\\\/01\\\/tt-blog-logo-dark-2.png\",\"contentUrl\":\"https:\\\/\\\/blog.turbotax.intuit.com\\\/es\\\/wp-content\\\/uploads\\\/sites\\\/2\\\/2019\\\/01\\\/tt-blog-logo-dark-2.png\",\"width\":967,\"height\":175,\"caption\":\"TurboTax Blog Espa\u00f1ol\"},\"image\":{\"@id\":\"https:\\\/\\\/blog.turbotax.intuit.com\\\/es\\\/#\\\/schema\\\/logo\\\/image\\\/\"}},{\"@type\":\"Person\",\"@id\":\"https:\\\/\\\/blog.turbotax.intuit.com\\\/es\\\/#\\\/schema\\\/person\\\/aec2b0253674fe768123744657b0454d\",\"name\":\"TurboTaxBlogTeam\",\"image\":{\"@type\":\"ImageObject\",\"inLanguage\":\"es-ES\",\"@id\":\"https:\\\/\\\/secure.gravatar.com\\\/avatar\\\/beb815f0fd975477a45229da4ab1f2d2864fef24b556f930a0c9bfc9a8505626?s=96&d=mm&r=g\",\"url\":\"https:\\\/\\\/secure.gravatar.com\\\/avatar\\\/beb815f0fd975477a45229da4ab1f2d2864fef24b556f930a0c9bfc9a8505626?s=96&d=mm&r=g\",\"contentUrl\":\"https:\\\/\\\/secure.gravatar.com\\\/avatar\\\/beb815f0fd975477a45229da4ab1f2d2864fef24b556f930a0c9bfc9a8505626?s=96&d=mm&r=g\",\"caption\":\"TurboTaxBlogTeam\"},\"url\":\"https:\\\/\\\/blog.turbotax.intuit.com\\\/es\\\/author\\\/ttoutcast\\\/\"}]}<\/script>\n<!-- \/ Yoast SEO plugin. -->","yoast_head_json":{"title":"Ve nuestro evento digital \u201cImpuestos sin estr\u00e9s\u201d (Taxes & Chill) y alcanza el \u00e9xito financiero como trabajador por cuenta propia | TurboTax Blog Espa\u00f1ol","robots":{"index":"index","follow":"follow","max-snippet":"max-snippet:-1","max-image-preview":"max-image-preview:large","max-video-preview":"max-video-preview:-1"},"canonical":"https:\/\/blog.turbotax.intuit.com\/es\/trabajo-por-cuenta-propia\/ve-nuestro-evento-digital-impuestos-sin-estres-taxes-chill-y-alcanza-el-exito-financiero-como-trabajador-por-cuenta-propia-4491\/","og_locale":"es_ES","og_type":"article","og_title":"Ve nuestro evento digital \u201cImpuestos sin estr\u00e9s\u201d (Taxes & Chill) y alcanza el \u00e9xito financiero como trabajador por cuenta propia | TurboTax Blog Espa\u00f1ol","og_description":"Recordatorio: Aunque la fecha l\u00edmite para la presentaci\u00f3n de impuestos del a\u00f1o tributario 2020\u00a0se extendi\u00f3\u00a0al 17 de mayo de 2021, las\u00a0fechas l\u00edmite correspondientes a los impuestos trimestrales estimados\u00a0siguen siendo las mismas para\u00a0trabajadores por cuenta propia y peque\u00f1as empresas. La primera fecha l\u00edmite para los impuestos trimestrales estimados de 2021 es el 15 de abril de","og_url":"https:\/\/blog.turbotax.intuit.com\/es\/trabajo-por-cuenta-propia\/ve-nuestro-evento-digital-impuestos-sin-estres-taxes-chill-y-alcanza-el-exito-financiero-como-trabajador-por-cuenta-propia-4491\/","og_site_name":"Blog en Espa\u00f1ol","article_published_time":"2021-04-14T07:01:13+00:00","article_modified_time":"2021-04-22T23:13:25+00:00","og_image":[{"width":6667,"height":3751,"url":"https:\/\/blog.turbotax.intuit.com\/es\/wp-content\/uploads\/sites\/2\/2021\/04\/TaxesandChill.png","type":"image\/png"}],"author":"TurboTaxBlogTeam","twitter_card":"summary_large_image","twitter_misc":{"Written by":"TurboTaxBlogTeam","Est. reading time":"6 minutes"},"schema":{"@context":"https:\/\/schema.org","@graph":[{"@type":"Article","@id":"https:\/\/blog.turbotax.intuit.com\/es\/trabajo-por-cuenta-propia\/ve-nuestro-evento-digital-impuestos-sin-estres-taxes-chill-y-alcanza-el-exito-financiero-como-trabajador-por-cuenta-propia-4491\/#article","isPartOf":{"@id":"https:\/\/blog.turbotax.intuit.com\/es\/trabajo-por-cuenta-propia\/ve-nuestro-evento-digital-impuestos-sin-estres-taxes-chill-y-alcanza-el-exito-financiero-como-trabajador-por-cuenta-propia-4491\/"},"author":{"name":"TurboTaxBlogTeam","@id":"https:\/\/blog.turbotax.intuit.com\/es\/#\/schema\/person\/aec2b0253674fe768123744657b0454d"},"headline":"Ve nuestro evento digital \u201cImpuestos sin estr\u00e9s\u201d (Taxes &#038; Chill) y alcanza el \u00e9xito financiero como trabajador por cuenta propia","datePublished":"2021-04-14T07:01:13+00:00","dateModified":"2021-04-22T23:13:25+00:00","mainEntityOfPage":{"@id":"https:\/\/blog.turbotax.intuit.com\/es\/trabajo-por-cuenta-propia\/ve-nuestro-evento-digital-impuestos-sin-estres-taxes-chill-y-alcanza-el-exito-financiero-como-trabajador-por-cuenta-propia-4491\/"},"wordCount":1210,"publisher":{"@id":"https:\/\/blog.turbotax.intuit.com\/es\/#organization"},"image":{"@id":"https:\/\/blog.turbotax.intuit.com\/es\/trabajo-por-cuenta-propia\/ve-nuestro-evento-digital-impuestos-sin-estres-taxes-chill-y-alcanza-el-exito-financiero-como-trabajador-por-cuenta-propia-4491\/#primaryimage"},"thumbnailUrl":"https:\/\/blog.turbotax.intuit.com\/es\/wp-content\/uploads\/sites\/2\/2021\/04\/TaxesandChill.png","keywords":["consejos tributarios para trabajadores por cuenta propia","impuestos","presentacion de impuestos"],"articleSection":["Trabajo por Cuenta Propia"],"inLanguage":"es-ES"},{"@type":"WebPage","@id":"https:\/\/blog.turbotax.intuit.com\/es\/trabajo-por-cuenta-propia\/ve-nuestro-evento-digital-impuestos-sin-estres-taxes-chill-y-alcanza-el-exito-financiero-como-trabajador-por-cuenta-propia-4491\/","url":"https:\/\/blog.turbotax.intuit.com\/es\/trabajo-por-cuenta-propia\/ve-nuestro-evento-digital-impuestos-sin-estres-taxes-chill-y-alcanza-el-exito-financiero-como-trabajador-por-cuenta-propia-4491\/","name":"Ve nuestro evento digital \u201cImpuestos sin estr\u00e9s\u201d (Taxes & Chill) y alcanza el \u00e9xito financiero como trabajador por cuenta propia | TurboTax Blog Espa\u00f1ol","isPartOf":{"@id":"https:\/\/blog.turbotax.intuit.com\/es\/#website"},"primaryImageOfPage":{"@id":"https:\/\/blog.turbotax.intuit.com\/es\/trabajo-por-cuenta-propia\/ve-nuestro-evento-digital-impuestos-sin-estres-taxes-chill-y-alcanza-el-exito-financiero-como-trabajador-por-cuenta-propia-4491\/#primaryimage"},"image":{"@id":"https:\/\/blog.turbotax.intuit.com\/es\/trabajo-por-cuenta-propia\/ve-nuestro-evento-digital-impuestos-sin-estres-taxes-chill-y-alcanza-el-exito-financiero-como-trabajador-por-cuenta-propia-4491\/#primaryimage"},"thumbnailUrl":"https:\/\/blog.turbotax.intuit.com\/es\/wp-content\/uploads\/sites\/2\/2021\/04\/TaxesandChill.png","datePublished":"2021-04-14T07:01:13+00:00","dateModified":"2021-04-22T23:13:25+00:00","breadcrumb":{"@id":"https:\/\/blog.turbotax.intuit.com\/es\/trabajo-por-cuenta-propia\/ve-nuestro-evento-digital-impuestos-sin-estres-taxes-chill-y-alcanza-el-exito-financiero-como-trabajador-por-cuenta-propia-4491\/#breadcrumb"},"inLanguage":"es-ES","potentialAction":[{"@type":"ReadAction","target":["https:\/\/blog.turbotax.intuit.com\/es\/trabajo-por-cuenta-propia\/ve-nuestro-evento-digital-impuestos-sin-estres-taxes-chill-y-alcanza-el-exito-financiero-como-trabajador-por-cuenta-propia-4491\/"]}]},{"@type":"ImageObject","inLanguage":"es-ES","@id":"https:\/\/blog.turbotax.intuit.com\/es\/trabajo-por-cuenta-propia\/ve-nuestro-evento-digital-impuestos-sin-estres-taxes-chill-y-alcanza-el-exito-financiero-como-trabajador-por-cuenta-propia-4491\/#primaryimage","url":"https:\/\/blog.turbotax.intuit.com\/es\/wp-content\/uploads\/sites\/2\/2021\/04\/TaxesandChill.png","contentUrl":"https:\/\/blog.turbotax.intuit.com\/es\/wp-content\/uploads\/sites\/2\/2021\/04\/TaxesandChill.png","width":6667,"height":3751},{"@type":"BreadcrumbList","@id":"https:\/\/blog.turbotax.intuit.com\/es\/trabajo-por-cuenta-propia\/ve-nuestro-evento-digital-impuestos-sin-estres-taxes-chill-y-alcanza-el-exito-financiero-como-trabajador-por-cuenta-propia-4491\/#breadcrumb","itemListElement":[{"@type":"ListItem","position":1,"name":"Home","item":"https:\/\/blog.turbotax.intuit.com\/es\/"},{"@type":"ListItem","position":2,"name":"Ve nuestro evento digital \u201cImpuestos sin estr\u00e9s\u201d (Taxes &#038; Chill) y alcanza el \u00e9xito financiero como trabajador por cuenta propia"}]},{"@type":"WebSite","@id":"https:\/\/blog.turbotax.intuit.com\/es\/#website","url":"https:\/\/blog.turbotax.intuit.com\/es\/","name":"TurboTax Blog Espa\u00f1ol","description":"Es todo sobre el reembolso","publisher":{"@id":"https:\/\/blog.turbotax.intuit.com\/es\/#organization"},"potentialAction":[{"@type":"SearchAction","target":{"@type":"EntryPoint","urlTemplate":"https:\/\/blog.turbotax.intuit.com\/es\/?s={search_term_string}"},"query-input":{"@type":"PropertyValueSpecification","valueRequired":true,"valueName":"search_term_string"}}],"inLanguage":"es-ES"},{"@type":"Organization","@id":"https:\/\/blog.turbotax.intuit.com\/es\/#organization","name":"TurboTax Blog Espa\u00f1ol","url":"https:\/\/blog.turbotax.intuit.com\/es\/","logo":{"@type":"ImageObject","inLanguage":"es-ES","@id":"https:\/\/blog.turbotax.intuit.com\/es\/#\/schema\/logo\/image\/","url":"https:\/\/blog.turbotax.intuit.com\/es\/wp-content\/uploads\/sites\/2\/2019\/01\/tt-blog-logo-dark-2.png","contentUrl":"https:\/\/blog.turbotax.intuit.com\/es\/wp-content\/uploads\/sites\/2\/2019\/01\/tt-blog-logo-dark-2.png","width":967,"height":175,"caption":"TurboTax Blog Espa\u00f1ol"},"image":{"@id":"https:\/\/blog.turbotax.intuit.com\/es\/#\/schema\/logo\/image\/"}},{"@type":"Person","@id":"https:\/\/blog.turbotax.intuit.com\/es\/#\/schema\/person\/aec2b0253674fe768123744657b0454d","name":"TurboTaxBlogTeam","image":{"@type":"ImageObject","inLanguage":"es-ES","@id":"https:\/\/secure.gravatar.com\/avatar\/beb815f0fd975477a45229da4ab1f2d2864fef24b556f930a0c9bfc9a8505626?s=96&d=mm&r=g","url":"https:\/\/secure.gravatar.com\/avatar\/beb815f0fd975477a45229da4ab1f2d2864fef24b556f930a0c9bfc9a8505626?s=96&d=mm&r=g","contentUrl":"https:\/\/secure.gravatar.com\/avatar\/beb815f0fd975477a45229da4ab1f2d2864fef24b556f930a0c9bfc9a8505626?s=96&d=mm&r=g","caption":"TurboTaxBlogTeam"},"url":"https:\/\/blog.turbotax.intuit.com\/es\/author\/ttoutcast\/"}]}},"header_image":"","jetpack_publicize_connections":[],"jetpack_featured_media_url":"https:\/\/blog.turbotax.intuit.com\/es\/wp-content\/uploads\/sites\/2\/2021\/04\/TaxesandChill.png","jetpack_sharing_enabled":true,"jetpack_shortlink":"https:\/\/wp.me\/pdHEVC-1ar","intuit_reading_minutes":6,"_links":{"self":[{"href":"https:\/\/blog.turbotax.intuit.com\/es\/wp-json\/wp\/v2\/posts\/4491","targetHints":{"allow":["GET"]}}],"collection":[{"href":"https:\/\/blog.turbotax.intuit.com\/es\/wp-json\/wp\/v2\/posts"}],"about":[{"href":"https:\/\/blog.turbotax.intuit.com\/es\/wp-json\/wp\/v2\/types\/post"}],"author":[{"embeddable":true,"href":"https:\/\/blog.turbotax.intuit.com\/es\/wp-json\/wp\/v2\/users\/40651797"}],"replies":[{"embeddable":true,"href":"https:\/\/blog.turbotax.intuit.com\/es\/wp-json\/wp\/v2\/comments?post=4491"}],"version-history":[{"count":2,"href":"https:\/\/blog.turbotax.intuit.com\/es\/wp-json\/wp\/v2\/posts\/4491\/revisions"}],"predecessor-version":[{"id":4494,"href":"https:\/\/blog.turbotax.intuit.com\/es\/wp-json\/wp\/v2\/posts\/4491\/revisions\/4494"}],"wp:featuredmedia":[{"embeddable":true,"href":"https:\/\/blog.turbotax.intuit.com\/es\/wp-json\/wp\/v2\/media\/4492"}],"wp:attachment":[{"href":"https:\/\/blog.turbotax.intuit.com\/es\/wp-json\/wp\/v2\/media?parent=4491"}],"wp:term":[{"taxonomy":"category","embeddable":true,"href":"https:\/\/blog.turbotax.intuit.com\/es\/wp-json\/wp\/v2\/categories?post=4491"},{"taxonomy":"post_tag","embeddable":true,"href":"https:\/\/blog.turbotax.intuit.com\/es\/wp-json\/wp\/v2\/tags?post=4491"},{"taxonomy":"intuit_collection","embeddable":true,"href":"https:\/\/blog.turbotax.intuit.com\/es\/wp-json\/wp\/v2\/intuit_collection?post=4491"},{"taxonomy":"intuit_series","embeddable":true,"href":"https:\/\/blog.turbotax.intuit.com\/es\/wp-json\/wp\/v2\/intuit_series?post=4491"},{"taxonomy":"tt_tax_year","embeddable":true,"href":"https:\/\/blog.turbotax.intuit.com\/es\/wp-json\/wp\/v2\/tt_tax_year?post=4491"},{"taxonomy":"author","embeddable":true,"href":"https:\/\/blog.turbotax.intuit.com\/es\/wp-json\/wp\/v2\/coauthors?post=4491"}],"curies":[{"name":"wp","href":"https:\/\/api.w.org\/{rel}","templated":true}]}}