{"id":3956,"date":"2020-12-30T08:31:17","date_gmt":"2020-12-30T16:31:17","guid":{"rendered":"https:\/\/blog.turbotax.intuit.com\/es\/?p=3956"},"modified":"2021-01-04T15:36:18","modified_gmt":"2021-01-04T23:36:18","slug":"que-significa-el-segundo-paquete-de-alivio-en-respuesta-al-coronavirus-para-las-personas-desempleadas","status":"publish","type":"post","link":"https:\/\/blog.turbotax.intuit.com\/es\/noticias-sobre-impuestos\/que-significa-el-segundo-paquete-de-alivio-en-respuesta-al-coronavirus-para-las-personas-desempleadas-3956\/","title":{"rendered":"\u00bfQu\u00e9 significa el segundo paquete de alivio en respuesta al coronavirus para las personas desempleadas?"},"content":{"rendered":"<p>En noviembre de 2020, la Oficina de Estad\u00edsticas Laborales de los Estados Unidos (U.S. Bureau of Labor Statistics) report\u00f3 que muchos estadounidenses (casi\u00a0<a href=\"https:\/\/www.bls.gov\/news.release\/pdf\/empsit.pdf\" target=\"_blank\">10.7 millones<\/a>) estaban desempleados. Eso significa que millones de estadounidenses hubieran perdido los beneficios de desempleo si no se hubiera promulgado la ley correspondiente al segundo paquete de alivio en respuesta al coronavirus.<\/p>\n<p>El 27 de diciembre de 2020 se promulg\u00f3 la <a href=\"https:\/\/blog.turbotax.intuit.com\/es\/noticias-sobre-impuestos\/el-nuevo-paquete-de-ayuda-para-el-coronavirus-que-significa-para-ti-un-segundo-cheque-de-estimulo-3864\/\">Ley de Asignaciones Suplementarias en Respuesta y Alivio al Coronavirus de 2021, l<\/a>a cual ampl\u00eda los beneficios de desempleo y proporciona alivio a trav\u00e9s de varias medidas. Algunas de estas ya se implementaron de conformidad con la\u00a0<a href=\"https:\/\/blog.turbotax.intuit.com\/es\/noticias-turbotax\/que-significa-para-ti-el-primer-paquete-de-estimulo-del-coronavirus-2981\/\">Ley CARES<\/a>, y tambi\u00e9n se estableci\u00f3 una segunda ronda de pagos de est\u00edmulo a individuos y familias.\u00a0La ampliaci\u00f3n de los beneficios de desempleo y la segunda ronda de pagos de est\u00edmulo en virtud de la Ley de Asignaciones Suplementarias en Respuesta y Alivio al Coronavirus de 2021 significan la asistencia continuada a muchos estadounidenses desempleados que la necesitan.\u00a0<strong>\u00a0<\/strong><\/p>\n<p>Tal vez te preguntes qu\u00e9 significa para las personas desempleadas el segundo paquete de alivio en respuesta al coronavirus. No te preocupes. TurboTax est\u00e1 aqu\u00ed para ayudar. Este es un desglose de lo que ese segundo paquete de alivio en respuesta al coronavirus significa para ti si est\u00e1s desempleado.<\/p>\n<h3><strong>\u00bfCu\u00e1l es la cantidad de los beneficios de desempleo en virtud del segundo paquete de alivio en respuesta al coronavirus?\u00a0<\/strong><\/h3>\n<p>La mencionada ley extender\u00e1 los beneficios de desempleo mediante la emisi\u00f3n de $300 por semana durante un plazo de 11 semanas hasta el 14 de marzo de 2021.<\/p>\n<h3><strong>\u00bfCu\u00e1nto durar\u00e1 la extensi\u00f3n de los beneficios de desempleo?\u00a0<\/strong><\/h3>\n<p>La extensi\u00f3n proporciona 11 semanas m\u00e1s de beneficios federales de desempleo, hasta el 14 de marzo de 2021. Sin embargo, si no agotaste tus beneficios, la extensi\u00f3n podr\u00eda continuar hasta el 5 de abril de 2021.<\/p>\n<h3><strong>\u00bfCalifico para los beneficios de desempleo si obtuve ingresos como trabajador independiente, temporal o por proyecto?<\/strong><\/h3>\n<p>La Ley de Asignaciones Suplementarias en Respuesta y Alivio al Coronavirus de 2021 ampl\u00eda la Asistencia de Desempleo por la Pandemia (PUA, por sus siglas en ingl\u00e9s), que expande los beneficios de desempleo a aquellas personas que no suelen ser elegibles para los beneficios de seguros de desempleo normales. Eso significa que los trabajadores por cuenta propia, independientes, temporales o por proyecto seguir\u00e1n siendo elegibles para recibir beneficios de desempleo.<\/p>\n<p>Adem\u00e1s, la ley otorga $100 adicionales por semana a quienes tengan m\u00e1s de un tipo de ingresos. Si obtienes tus ingresos como empleado y como trabajador independiente o contratista (por ejemplo, porque tienes un trabajo temporal o por proyecto), entras en la categor\u00eda &#8220;trabajadores mixtos&#8221; (mixed earners).\u00a0Ciertos trabajadores con ingresos anuales de al menos $5,000, pero que no califican para la Asistencia de Desempleo por la Pandemia porque tambi\u00e9n tienen un empleador, podr\u00edan ser elegibles para el beneficio de desempleo adicional de $100 por semana.<\/p>\n<p>El primer pago de est\u00edmulo que se aprob\u00f3 en marzo exclu\u00eda los beneficios para la categor\u00eda de trabajadores mixtos. La nueva disposici\u00f3n cubrir\u00e1 tambi\u00e9n a los trabajadores de medio tiempo, trabajadores por cuenta propia y otras personas que podr\u00edan haber estado en una zona gris en cuanto a los beneficios de desempleo.<\/p>\n<h3><strong>\u00bfC\u00f3mo obtendr\u00e9 mis beneficios de desempleo?<\/strong><\/h3>\n<p>Puedes comunicarte con la oficina de desempleo local para obtener informaci\u00f3n espec\u00edfica sobre c\u00f3mo obtendr\u00e1s tus beneficios.<\/p>\n<h3><strong>\u00bfPara cuales otros beneficios yo podr\u00eda calificar de acuerdo con el segundo paquete de alivio en respuesta al coronavirus?<\/strong><\/h3>\n<p>En virtud del segundo paquete de alivio en respuesta al coronavirus, podr\u00edas cumplir los requisitos para recibir un segundo pago de est\u00edmulo: $600 para individuos, $1,200 para contribuyentes que declaran en conjunto y $600 adicionales por cada dependiente menor de 17 a\u00f1os.<\/p>\n<p>Hoy, no hay nada que debas hacer para recibir un pago de est\u00edmulo. En las pr\u00f3ximas semanas, el IRS (Servicio de Impuestos Internos) comenzar\u00e1 a enviar los pagos de est\u00edmulo con la informaci\u00f3n m\u00e1s reciente que tenga en sus registros (probablemente, de tu declaraci\u00f3n de impuestos de 2019) y har\u00e1 los pagos mediante dep\u00f3sito directo o cheque.<\/p>\n<p>Si tienes un Ingreso Bruto Ajustado (AGI, por sus siglas en ingl\u00e9s) de hasta $75,000 ($150,000 si eres casado y presentas tu declaraci\u00f3n de forma conjunta), podr\u00edas ser elegible para recibir la cantidad completa del pago de est\u00edmulo.<\/p>\n<p>*\u00a0<em>Ten en cuenta que el Ingreso Bruto Ajustado (AGI) equivale a tus ingresos brutos, como salarios, sueldos o intereses, menos los ajustes por las deducciones que correspondan, como intereses pagados sobre pr\u00e9stamos estudiantiles o una deducci\u00f3n de tu cuenta IRA. Puedes encontrar tu AGI en la L\u00ednea\u00a08b del Formulario\u00a01040 de 2019.<\/em><\/p>\n<p>A medida que tu AGI aumente y supere los $75,000 ($150,000 si eres casado y presentas tu declaraci\u00f3n de forma conjunta), se reducir\u00e1 la cantidad de pago de est\u00edmulo correspondiente. El reembolso del segundo cheque de incentivo se eliminar\u00e1 a partir de $87,000 en el caso de contribuyentes solteros sin dependientes que califiquen y $174,000 en el caso de personas casadas que presenten su declaraci\u00f3n de forma conjunta y no tengan dependientes.<\/p>\n<h3><strong>TurboTax se ocupa de todo<\/strong><\/h3>\n<p>No te preocupes por conocer estas disposiciones de impuestos.\u00a0<a href=\"https:\/\/turbotax.intuit.com\/\">TurboTax<\/a> est\u00e1 aqu\u00ed para ayudarte y continuar\u00e1 brind\u00e1ndote informaci\u00f3n actualizada sobre los alivios en respuesta al coronavirus a medida que surjan m\u00e1s detalles e instrucciones. Aseg\u00farate de visitar el Blog de TurboTax y nuestro <a href=\"https:\/\/turbotax.intuit.com\/coronavirus\/en-espanol\">Centro de impuestos del coronavirus<\/a> para obtener la informaci\u00f3n m\u00e1s reciente.<\/p>\n<p>Cuando llegue la temporada de impuestos y te sientes a preparar tu declaraci\u00f3n,\u00a0<a href=\"https:\/\/turbotax.intuit.com\/\">TurboTax<\/a>\u00a0te ofrecer\u00e1 asesoramiento espec\u00edfico sobre el COVID-19 para ayudarte con el impacto sufrido en este a\u00f1o y con los alivios en respuesta al coronavirus. TurboTax\u00a0te har\u00e1 preguntas sencillas y te dar\u00e1 los cr\u00e9ditos y las deducciones de impuestos para los que eres elegible de acuerdo con tus respuestas.<\/p>\n","protected":false},"excerpt":{"rendered":"<p>En noviembre de 2020, la Oficina de Estad\u00edsticas Laborales de los Estados Unidos (U.S. Bureau of Labor Statistics) report\u00f3 que muchos estadounidenses (casi\u00a010.7 millones) estaban desempleados. Eso significa que millones de estadounidenses hubieran perdido los beneficios de desempleo si no se hubiera promulgado la ley correspondiente al segundo paquete de alivio en respuesta al coronavirus.<\/p>\n","protected":false},"author":140334786,"featured_media":3957,"comment_status":"closed","ping_status":"open","sticky":false,"template":"","format":"standard","meta":{"rkv_browse_by_id":0,"rkv_cta_id":0,"rkv_optimize_for_pagespeed":false,"jetpack_post_was_ever_published":false,"_jetpack_newsletter_access":"","_jetpack_dont_email_post_to_subs":false,"_jetpack_newsletter_tier_id":0,"_jetpack_memberships_contains_paywalled_content":false,"useModifiedDate":false,"customPublishDate":"","rkv_show_reading_progress":false,"_jetpack_memberships_contains_paid_content":false,"footnotes":"","jetpack_publicize_message":"","jetpack_publicize_feature_enabled":true,"jetpack_social_post_already_shared":true,"jetpack_social_options":{"image_generator_settings":{"template":"highway","default_image_id":0,"font":"","enabled":false},"version":2},"_wpas_customize_per_network":false},"categories":[305],"tags":[48,243,8],"intuit_collection":[],"intuit_series":[],"tt_tax_year":[],"coauthors":[],"class_list":["post-3956","post","type-post","status-publish","format-standard","has-post-thumbnail","hentry","category-noticias-sobre-impuestos","tag-impuestos","tag-informacion-y-ayuda-para-impuestos","tag-turbotax"],"yoast_head":"<!-- This site is optimized with the Yoast SEO plugin v27.3 - https:\/\/yoast.com\/product\/yoast-seo-wordpress\/ -->\n<title>\u00bfQu\u00e9 significa el segundo paquete de alivio en respuesta al coronavirus para las personas desempleadas? | TurboTax Blog Espa\u00f1ol<\/title>\n<meta name=\"robots\" content=\"index, follow, max-snippet:-1, max-image-preview:large, max-video-preview:-1\" \/>\n<link rel=\"canonical\" href=\"https:\/\/blog.turbotax.intuit.com\/es\/noticias-sobre-impuestos\/que-significa-el-segundo-paquete-de-alivio-en-respuesta-al-coronavirus-para-las-personas-desempleadas-3956\/\" \/>\n<meta property=\"og:locale\" content=\"es_ES\" \/>\n<meta property=\"og:type\" content=\"article\" \/>\n<meta property=\"og:title\" content=\"\u00bfQu\u00e9 significa el segundo paquete de alivio en respuesta al coronavirus para las personas desempleadas? | TurboTax Blog Espa\u00f1ol\" \/>\n<meta property=\"og:description\" content=\"En noviembre de 2020, la Oficina de Estad\u00edsticas Laborales de los Estados Unidos (U.S. Bureau of Labor Statistics) report\u00f3 que muchos estadounidenses (casi\u00a010.7 millones) estaban desempleados. Eso significa que millones de estadounidenses hubieran perdido los beneficios de desempleo si no se hubiera promulgado la ley correspondiente al segundo paquete de alivio en respuesta al coronavirus.\" \/>\n<meta property=\"og:url\" content=\"https:\/\/blog.turbotax.intuit.com\/es\/noticias-sobre-impuestos\/que-significa-el-segundo-paquete-de-alivio-en-respuesta-al-coronavirus-para-las-personas-desempleadas-3956\/\" \/>\n<meta property=\"og:site_name\" content=\"Blog en Espa\u00f1ol\" \/>\n<meta property=\"article:published_time\" content=\"2020-12-30T16:31:17+00:00\" \/>\n<meta property=\"article:modified_time\" content=\"2021-01-04T23:36:18+00:00\" \/>\n<meta name=\"author\" content=\"Katharina Reekmans\" \/>\n<meta name=\"twitter:card\" content=\"summary_large_image\" \/>\n<meta name=\"twitter:image\" content=\"https:\/\/blog.turbotax.intuit.com\/es\/wp-content\/uploads\/sites\/2\/2021\/01\/second-coronavirus-relief-bill-unemployed.jpg\" \/>\n<meta name=\"twitter:label1\" content=\"Written by\" \/>\n\t<meta name=\"twitter:data1\" content=\"Katharina Reekmans\" \/>\n\t<meta name=\"twitter:label2\" content=\"Est. reading time\" \/>\n\t<meta name=\"twitter:data2\" content=\"5 minutes\" \/>\n<script type=\"application\/ld+json\" class=\"yoast-schema-graph\">{\"@context\":\"https:\\\/\\\/schema.org\",\"@graph\":[{\"@type\":\"Article\",\"@id\":\"https:\\\/\\\/blog.turbotax.intuit.com\\\/es\\\/noticias-sobre-impuestos\\\/que-significa-el-segundo-paquete-de-alivio-en-respuesta-al-coronavirus-para-las-personas-desempleadas-3956\\\/#article\",\"isPartOf\":{\"@id\":\"https:\\\/\\\/blog.turbotax.intuit.com\\\/es\\\/noticias-sobre-impuestos\\\/que-significa-el-segundo-paquete-de-alivio-en-respuesta-al-coronavirus-para-las-personas-desempleadas-3956\\\/\"},\"author\":{\"name\":\"Katharina Reekmans\",\"@id\":\"https:\\\/\\\/blog.turbotax.intuit.com\\\/es\\\/#\\\/schema\\\/person\\\/2438cc0c857746f3db8740b225c79e81\"},\"headline\":\"\u00bfQu\u00e9 significa el segundo paquete de alivio en respuesta al coronavirus para las personas desempleadas?\",\"datePublished\":\"2020-12-30T16:31:17+00:00\",\"dateModified\":\"2021-01-04T23:36:18+00:00\",\"mainEntityOfPage\":{\"@id\":\"https:\\\/\\\/blog.turbotax.intuit.com\\\/es\\\/noticias-sobre-impuestos\\\/que-significa-el-segundo-paquete-de-alivio-en-respuesta-al-coronavirus-para-las-personas-desempleadas-3956\\\/\"},\"wordCount\":1003,\"publisher\":{\"@id\":\"https:\\\/\\\/blog.turbotax.intuit.com\\\/es\\\/#organization\"},\"image\":{\"@id\":\"https:\\\/\\\/blog.turbotax.intuit.com\\\/es\\\/noticias-sobre-impuestos\\\/que-significa-el-segundo-paquete-de-alivio-en-respuesta-al-coronavirus-para-las-personas-desempleadas-3956\\\/#primaryimage\"},\"thumbnailUrl\":\"https:\\\/\\\/blog.turbotax.intuit.com\\\/es\\\/wp-content\\\/uploads\\\/sites\\\/2\\\/2021\\\/01\\\/second-coronavirus-relief-bill-unemployed.jpg\",\"keywords\":[\"impuestos\",\"informacion y ayuda para impuestos\",\"turbotax\"],\"articleSection\":[\"Noticias sobre impuestos\"],\"inLanguage\":\"es-ES\"},{\"@type\":\"WebPage\",\"@id\":\"https:\\\/\\\/blog.turbotax.intuit.com\\\/es\\\/noticias-sobre-impuestos\\\/que-significa-el-segundo-paquete-de-alivio-en-respuesta-al-coronavirus-para-las-personas-desempleadas-3956\\\/\",\"url\":\"https:\\\/\\\/blog.turbotax.intuit.com\\\/es\\\/noticias-sobre-impuestos\\\/que-significa-el-segundo-paquete-de-alivio-en-respuesta-al-coronavirus-para-las-personas-desempleadas-3956\\\/\",\"name\":\"\u00bfQu\u00e9 significa el segundo paquete de alivio en respuesta al coronavirus para las personas desempleadas? | TurboTax Blog Espa\u00f1ol\",\"isPartOf\":{\"@id\":\"https:\\\/\\\/blog.turbotax.intuit.com\\\/es\\\/#website\"},\"primaryImageOfPage\":{\"@id\":\"https:\\\/\\\/blog.turbotax.intuit.com\\\/es\\\/noticias-sobre-impuestos\\\/que-significa-el-segundo-paquete-de-alivio-en-respuesta-al-coronavirus-para-las-personas-desempleadas-3956\\\/#primaryimage\"},\"image\":{\"@id\":\"https:\\\/\\\/blog.turbotax.intuit.com\\\/es\\\/noticias-sobre-impuestos\\\/que-significa-el-segundo-paquete-de-alivio-en-respuesta-al-coronavirus-para-las-personas-desempleadas-3956\\\/#primaryimage\"},\"thumbnailUrl\":\"https:\\\/\\\/blog.turbotax.intuit.com\\\/es\\\/wp-content\\\/uploads\\\/sites\\\/2\\\/2021\\\/01\\\/second-coronavirus-relief-bill-unemployed.jpg\",\"datePublished\":\"2020-12-30T16:31:17+00:00\",\"dateModified\":\"2021-01-04T23:36:18+00:00\",\"breadcrumb\":{\"@id\":\"https:\\\/\\\/blog.turbotax.intuit.com\\\/es\\\/noticias-sobre-impuestos\\\/que-significa-el-segundo-paquete-de-alivio-en-respuesta-al-coronavirus-para-las-personas-desempleadas-3956\\\/#breadcrumb\"},\"inLanguage\":\"es-ES\",\"potentialAction\":[{\"@type\":\"ReadAction\",\"target\":[\"https:\\\/\\\/blog.turbotax.intuit.com\\\/es\\\/noticias-sobre-impuestos\\\/que-significa-el-segundo-paquete-de-alivio-en-respuesta-al-coronavirus-para-las-personas-desempleadas-3956\\\/\"]}]},{\"@type\":\"ImageObject\",\"inLanguage\":\"es-ES\",\"@id\":\"https:\\\/\\\/blog.turbotax.intuit.com\\\/es\\\/noticias-sobre-impuestos\\\/que-significa-el-segundo-paquete-de-alivio-en-respuesta-al-coronavirus-para-las-personas-desempleadas-3956\\\/#primaryimage\",\"url\":\"https:\\\/\\\/blog.turbotax.intuit.com\\\/es\\\/wp-content\\\/uploads\\\/sites\\\/2\\\/2021\\\/01\\\/second-coronavirus-relief-bill-unemployed.jpg\",\"contentUrl\":\"https:\\\/\\\/blog.turbotax.intuit.com\\\/es\\\/wp-content\\\/uploads\\\/sites\\\/2\\\/2021\\\/01\\\/second-coronavirus-relief-bill-unemployed.jpg\",\"width\":2924,\"height\":1949},{\"@type\":\"BreadcrumbList\",\"@id\":\"https:\\\/\\\/blog.turbotax.intuit.com\\\/es\\\/noticias-sobre-impuestos\\\/que-significa-el-segundo-paquete-de-alivio-en-respuesta-al-coronavirus-para-las-personas-desempleadas-3956\\\/#breadcrumb\",\"itemListElement\":[{\"@type\":\"ListItem\",\"position\":1,\"name\":\"Home\",\"item\":\"https:\\\/\\\/blog.turbotax.intuit.com\\\/es\\\/\"},{\"@type\":\"ListItem\",\"position\":2,\"name\":\"\u00bfQu\u00e9 significa el segundo paquete de alivio en respuesta al coronavirus para las personas desempleadas?\"}]},{\"@type\":\"WebSite\",\"@id\":\"https:\\\/\\\/blog.turbotax.intuit.com\\\/es\\\/#website\",\"url\":\"https:\\\/\\\/blog.turbotax.intuit.com\\\/es\\\/\",\"name\":\"TurboTax Blog Espa\u00f1ol\",\"description\":\"Es todo sobre el reembolso\",\"publisher\":{\"@id\":\"https:\\\/\\\/blog.turbotax.intuit.com\\\/es\\\/#organization\"},\"potentialAction\":[{\"@type\":\"SearchAction\",\"target\":{\"@type\":\"EntryPoint\",\"urlTemplate\":\"https:\\\/\\\/blog.turbotax.intuit.com\\\/es\\\/?s={search_term_string}\"},\"query-input\":{\"@type\":\"PropertyValueSpecification\",\"valueRequired\":true,\"valueName\":\"search_term_string\"}}],\"inLanguage\":\"es-ES\"},{\"@type\":\"Organization\",\"@id\":\"https:\\\/\\\/blog.turbotax.intuit.com\\\/es\\\/#organization\",\"name\":\"TurboTax Blog Espa\u00f1ol\",\"url\":\"https:\\\/\\\/blog.turbotax.intuit.com\\\/es\\\/\",\"logo\":{\"@type\":\"ImageObject\",\"inLanguage\":\"es-ES\",\"@id\":\"https:\\\/\\\/blog.turbotax.intuit.com\\\/es\\\/#\\\/schema\\\/logo\\\/image\\\/\",\"url\":\"https:\\\/\\\/blog.turbotax.intuit.com\\\/es\\\/wp-content\\\/uploads\\\/sites\\\/2\\\/2019\\\/01\\\/tt-blog-logo-dark-2.png\",\"contentUrl\":\"https:\\\/\\\/blog.turbotax.intuit.com\\\/es\\\/wp-content\\\/uploads\\\/sites\\\/2\\\/2019\\\/01\\\/tt-blog-logo-dark-2.png\",\"width\":967,\"height\":175,\"caption\":\"TurboTax Blog Espa\u00f1ol\"},\"image\":{\"@id\":\"https:\\\/\\\/blog.turbotax.intuit.com\\\/es\\\/#\\\/schema\\\/logo\\\/image\\\/\"}},{\"@type\":\"Person\",\"@id\":\"https:\\\/\\\/blog.turbotax.intuit.com\\\/es\\\/#\\\/schema\\\/person\\\/2438cc0c857746f3db8740b225c79e81\",\"name\":\"Katharina Reekmans\",\"image\":{\"@type\":\"ImageObject\",\"inLanguage\":\"es-ES\",\"@id\":\"https:\\\/\\\/secure.gravatar.com\\\/avatar\\\/e06151415f8570816448fd0cdd507e53fd6a9c75425a81c11d6c254a3d2d491a?s=96&d=mm&r=g\",\"url\":\"https:\\\/\\\/secure.gravatar.com\\\/avatar\\\/e06151415f8570816448fd0cdd507e53fd6a9c75425a81c11d6c254a3d2d491a?s=96&d=mm&r=g\",\"contentUrl\":\"https:\\\/\\\/secure.gravatar.com\\\/avatar\\\/e06151415f8570816448fd0cdd507e53fd6a9c75425a81c11d6c254a3d2d491a?s=96&d=mm&r=g\",\"caption\":\"Katharina Reekmans\"},\"description\":\"Katharina Reekmans is an Enrolled Agent and a contributor to the TurboTax Blog team. Katharina has years of experience in tax preparation and representation before the IRS. Her passions surround financial literary and tax law interpretation. She has a strong commitment to using all resources and knowledge to best serve the interest of clients. Katharina has worked as a senior tax accountant, operations manager, and controller. Katharina prides herself on unraveling tax laws so that the average person can understand them.\",\"url\":\"https:\\\/\\\/blog.turbotax.intuit.com\\\/es\\\/author\\\/kreekmans\\\/\"}]}<\/script>\n<!-- \/ Yoast SEO plugin. -->","yoast_head_json":{"title":"\u00bfQu\u00e9 significa el segundo paquete de alivio en respuesta al coronavirus para las personas desempleadas? | TurboTax Blog Espa\u00f1ol","robots":{"index":"index","follow":"follow","max-snippet":"max-snippet:-1","max-image-preview":"max-image-preview:large","max-video-preview":"max-video-preview:-1"},"canonical":"https:\/\/blog.turbotax.intuit.com\/es\/noticias-sobre-impuestos\/que-significa-el-segundo-paquete-de-alivio-en-respuesta-al-coronavirus-para-las-personas-desempleadas-3956\/","og_locale":"es_ES","og_type":"article","og_title":"\u00bfQu\u00e9 significa el segundo paquete de alivio en respuesta al coronavirus para las personas desempleadas? | TurboTax Blog Espa\u00f1ol","og_description":"En noviembre de 2020, la Oficina de Estad\u00edsticas Laborales de los Estados Unidos (U.S. Bureau of Labor Statistics) report\u00f3 que muchos estadounidenses (casi\u00a010.7 millones) estaban desempleados. Eso significa que millones de estadounidenses hubieran perdido los beneficios de desempleo si no se hubiera promulgado la ley correspondiente al segundo paquete de alivio en respuesta al coronavirus.","og_url":"https:\/\/blog.turbotax.intuit.com\/es\/noticias-sobre-impuestos\/que-significa-el-segundo-paquete-de-alivio-en-respuesta-al-coronavirus-para-las-personas-desempleadas-3956\/","og_site_name":"Blog en Espa\u00f1ol","article_published_time":"2020-12-30T16:31:17+00:00","article_modified_time":"2021-01-04T23:36:18+00:00","author":"Katharina Reekmans","twitter_card":"summary_large_image","twitter_image":"https:\/\/blog.turbotax.intuit.com\/es\/wp-content\/uploads\/sites\/2\/2021\/01\/second-coronavirus-relief-bill-unemployed.jpg","twitter_misc":{"Written by":"Katharina Reekmans","Est. reading time":"5 minutes"},"schema":{"@context":"https:\/\/schema.org","@graph":[{"@type":"Article","@id":"https:\/\/blog.turbotax.intuit.com\/es\/noticias-sobre-impuestos\/que-significa-el-segundo-paquete-de-alivio-en-respuesta-al-coronavirus-para-las-personas-desempleadas-3956\/#article","isPartOf":{"@id":"https:\/\/blog.turbotax.intuit.com\/es\/noticias-sobre-impuestos\/que-significa-el-segundo-paquete-de-alivio-en-respuesta-al-coronavirus-para-las-personas-desempleadas-3956\/"},"author":{"name":"Katharina Reekmans","@id":"https:\/\/blog.turbotax.intuit.com\/es\/#\/schema\/person\/2438cc0c857746f3db8740b225c79e81"},"headline":"\u00bfQu\u00e9 significa el segundo paquete de alivio en respuesta al coronavirus para las personas desempleadas?","datePublished":"2020-12-30T16:31:17+00:00","dateModified":"2021-01-04T23:36:18+00:00","mainEntityOfPage":{"@id":"https:\/\/blog.turbotax.intuit.com\/es\/noticias-sobre-impuestos\/que-significa-el-segundo-paquete-de-alivio-en-respuesta-al-coronavirus-para-las-personas-desempleadas-3956\/"},"wordCount":1003,"publisher":{"@id":"https:\/\/blog.turbotax.intuit.com\/es\/#organization"},"image":{"@id":"https:\/\/blog.turbotax.intuit.com\/es\/noticias-sobre-impuestos\/que-significa-el-segundo-paquete-de-alivio-en-respuesta-al-coronavirus-para-las-personas-desempleadas-3956\/#primaryimage"},"thumbnailUrl":"https:\/\/blog.turbotax.intuit.com\/es\/wp-content\/uploads\/sites\/2\/2021\/01\/second-coronavirus-relief-bill-unemployed.jpg","keywords":["impuestos","informacion y ayuda para impuestos","turbotax"],"articleSection":["Noticias sobre impuestos"],"inLanguage":"es-ES"},{"@type":"WebPage","@id":"https:\/\/blog.turbotax.intuit.com\/es\/noticias-sobre-impuestos\/que-significa-el-segundo-paquete-de-alivio-en-respuesta-al-coronavirus-para-las-personas-desempleadas-3956\/","url":"https:\/\/blog.turbotax.intuit.com\/es\/noticias-sobre-impuestos\/que-significa-el-segundo-paquete-de-alivio-en-respuesta-al-coronavirus-para-las-personas-desempleadas-3956\/","name":"\u00bfQu\u00e9 significa el segundo paquete de alivio en respuesta al coronavirus para las personas desempleadas? | TurboTax Blog Espa\u00f1ol","isPartOf":{"@id":"https:\/\/blog.turbotax.intuit.com\/es\/#website"},"primaryImageOfPage":{"@id":"https:\/\/blog.turbotax.intuit.com\/es\/noticias-sobre-impuestos\/que-significa-el-segundo-paquete-de-alivio-en-respuesta-al-coronavirus-para-las-personas-desempleadas-3956\/#primaryimage"},"image":{"@id":"https:\/\/blog.turbotax.intuit.com\/es\/noticias-sobre-impuestos\/que-significa-el-segundo-paquete-de-alivio-en-respuesta-al-coronavirus-para-las-personas-desempleadas-3956\/#primaryimage"},"thumbnailUrl":"https:\/\/blog.turbotax.intuit.com\/es\/wp-content\/uploads\/sites\/2\/2021\/01\/second-coronavirus-relief-bill-unemployed.jpg","datePublished":"2020-12-30T16:31:17+00:00","dateModified":"2021-01-04T23:36:18+00:00","breadcrumb":{"@id":"https:\/\/blog.turbotax.intuit.com\/es\/noticias-sobre-impuestos\/que-significa-el-segundo-paquete-de-alivio-en-respuesta-al-coronavirus-para-las-personas-desempleadas-3956\/#breadcrumb"},"inLanguage":"es-ES","potentialAction":[{"@type":"ReadAction","target":["https:\/\/blog.turbotax.intuit.com\/es\/noticias-sobre-impuestos\/que-significa-el-segundo-paquete-de-alivio-en-respuesta-al-coronavirus-para-las-personas-desempleadas-3956\/"]}]},{"@type":"ImageObject","inLanguage":"es-ES","@id":"https:\/\/blog.turbotax.intuit.com\/es\/noticias-sobre-impuestos\/que-significa-el-segundo-paquete-de-alivio-en-respuesta-al-coronavirus-para-las-personas-desempleadas-3956\/#primaryimage","url":"https:\/\/blog.turbotax.intuit.com\/es\/wp-content\/uploads\/sites\/2\/2021\/01\/second-coronavirus-relief-bill-unemployed.jpg","contentUrl":"https:\/\/blog.turbotax.intuit.com\/es\/wp-content\/uploads\/sites\/2\/2021\/01\/second-coronavirus-relief-bill-unemployed.jpg","width":2924,"height":1949},{"@type":"BreadcrumbList","@id":"https:\/\/blog.turbotax.intuit.com\/es\/noticias-sobre-impuestos\/que-significa-el-segundo-paquete-de-alivio-en-respuesta-al-coronavirus-para-las-personas-desempleadas-3956\/#breadcrumb","itemListElement":[{"@type":"ListItem","position":1,"name":"Home","item":"https:\/\/blog.turbotax.intuit.com\/es\/"},{"@type":"ListItem","position":2,"name":"\u00bfQu\u00e9 significa el segundo paquete de alivio en respuesta al coronavirus para las personas desempleadas?"}]},{"@type":"WebSite","@id":"https:\/\/blog.turbotax.intuit.com\/es\/#website","url":"https:\/\/blog.turbotax.intuit.com\/es\/","name":"TurboTax Blog Espa\u00f1ol","description":"Es todo sobre el reembolso","publisher":{"@id":"https:\/\/blog.turbotax.intuit.com\/es\/#organization"},"potentialAction":[{"@type":"SearchAction","target":{"@type":"EntryPoint","urlTemplate":"https:\/\/blog.turbotax.intuit.com\/es\/?s={search_term_string}"},"query-input":{"@type":"PropertyValueSpecification","valueRequired":true,"valueName":"search_term_string"}}],"inLanguage":"es-ES"},{"@type":"Organization","@id":"https:\/\/blog.turbotax.intuit.com\/es\/#organization","name":"TurboTax Blog Espa\u00f1ol","url":"https:\/\/blog.turbotax.intuit.com\/es\/","logo":{"@type":"ImageObject","inLanguage":"es-ES","@id":"https:\/\/blog.turbotax.intuit.com\/es\/#\/schema\/logo\/image\/","url":"https:\/\/blog.turbotax.intuit.com\/es\/wp-content\/uploads\/sites\/2\/2019\/01\/tt-blog-logo-dark-2.png","contentUrl":"https:\/\/blog.turbotax.intuit.com\/es\/wp-content\/uploads\/sites\/2\/2019\/01\/tt-blog-logo-dark-2.png","width":967,"height":175,"caption":"TurboTax Blog Espa\u00f1ol"},"image":{"@id":"https:\/\/blog.turbotax.intuit.com\/es\/#\/schema\/logo\/image\/"}},{"@type":"Person","@id":"https:\/\/blog.turbotax.intuit.com\/es\/#\/schema\/person\/2438cc0c857746f3db8740b225c79e81","name":"Katharina Reekmans","image":{"@type":"ImageObject","inLanguage":"es-ES","@id":"https:\/\/secure.gravatar.com\/avatar\/e06151415f8570816448fd0cdd507e53fd6a9c75425a81c11d6c254a3d2d491a?s=96&d=mm&r=g","url":"https:\/\/secure.gravatar.com\/avatar\/e06151415f8570816448fd0cdd507e53fd6a9c75425a81c11d6c254a3d2d491a?s=96&d=mm&r=g","contentUrl":"https:\/\/secure.gravatar.com\/avatar\/e06151415f8570816448fd0cdd507e53fd6a9c75425a81c11d6c254a3d2d491a?s=96&d=mm&r=g","caption":"Katharina Reekmans"},"description":"Katharina Reekmans is an Enrolled Agent and a contributor to the TurboTax Blog team. Katharina has years of experience in tax preparation and representation before the IRS. Her passions surround financial literary and tax law interpretation. She has a strong commitment to using all resources and knowledge to best serve the interest of clients. Katharina has worked as a senior tax accountant, operations manager, and controller. Katharina prides herself on unraveling tax laws so that the average person can understand them.","url":"https:\/\/blog.turbotax.intuit.com\/es\/author\/kreekmans\/"}]}},"header_image":"","jetpack_publicize_connections":[],"jetpack_featured_media_url":"https:\/\/blog.turbotax.intuit.com\/es\/wp-content\/uploads\/sites\/2\/2021\/01\/second-coronavirus-relief-bill-unemployed.jpg","jetpack_sharing_enabled":true,"jetpack_shortlink":"https:\/\/wp.me\/pdHEVC-11O","intuit_reading_minutes":5,"_links":{"self":[{"href":"https:\/\/blog.turbotax.intuit.com\/es\/wp-json\/wp\/v2\/posts\/3956","targetHints":{"allow":["GET"]}}],"collection":[{"href":"https:\/\/blog.turbotax.intuit.com\/es\/wp-json\/wp\/v2\/posts"}],"about":[{"href":"https:\/\/blog.turbotax.intuit.com\/es\/wp-json\/wp\/v2\/types\/post"}],"author":[{"embeddable":true,"href":"https:\/\/blog.turbotax.intuit.com\/es\/wp-json\/wp\/v2\/users\/140334786"}],"replies":[{"embeddable":true,"href":"https:\/\/blog.turbotax.intuit.com\/es\/wp-json\/wp\/v2\/comments?post=3956"}],"version-history":[{"count":2,"href":"https:\/\/blog.turbotax.intuit.com\/es\/wp-json\/wp\/v2\/posts\/3956\/revisions"}],"predecessor-version":[{"id":3959,"href":"https:\/\/blog.turbotax.intuit.com\/es\/wp-json\/wp\/v2\/posts\/3956\/revisions\/3959"}],"wp:featuredmedia":[{"embeddable":true,"href":"https:\/\/blog.turbotax.intuit.com\/es\/wp-json\/wp\/v2\/media\/3957"}],"wp:attachment":[{"href":"https:\/\/blog.turbotax.intuit.com\/es\/wp-json\/wp\/v2\/media?parent=3956"}],"wp:term":[{"taxonomy":"category","embeddable":true,"href":"https:\/\/blog.turbotax.intuit.com\/es\/wp-json\/wp\/v2\/categories?post=3956"},{"taxonomy":"post_tag","embeddable":true,"href":"https:\/\/blog.turbotax.intuit.com\/es\/wp-json\/wp\/v2\/tags?post=3956"},{"taxonomy":"intuit_collection","embeddable":true,"href":"https:\/\/blog.turbotax.intuit.com\/es\/wp-json\/wp\/v2\/intuit_collection?post=3956"},{"taxonomy":"intuit_series","embeddable":true,"href":"https:\/\/blog.turbotax.intuit.com\/es\/wp-json\/wp\/v2\/intuit_series?post=3956"},{"taxonomy":"tt_tax_year","embeddable":true,"href":"https:\/\/blog.turbotax.intuit.com\/es\/wp-json\/wp\/v2\/tt_tax_year?post=3956"},{"taxonomy":"author","embeddable":true,"href":"https:\/\/blog.turbotax.intuit.com\/es\/wp-json\/wp\/v2\/coauthors?post=3956"}],"curies":[{"name":"wp","href":"https:\/\/api.w.org\/{rel}","templated":true}]}}