{"id":3629,"date":"2020-09-15T05:00:13","date_gmt":"2020-09-15T12:00:13","guid":{"rendered":"https:\/\/blog.turbotax.intuit.com\/es\/?p=3629"},"modified":"2020-09-14T22:07:41","modified_gmt":"2020-09-15T05:07:41","slug":"mes-de-la-herencia-hispana-destacamos-a-las-pequenas-empresas-y-a-los-trabajadores-por-cuenta-propia-latinos","status":"publish","type":"post","link":"https:\/\/blog.turbotax.intuit.com\/es\/trabajo-por-cuenta-propia\/mes-de-la-herencia-hispana-destacamos-a-las-pequenas-empresas-y-a-los-trabajadores-por-cuenta-propia-latinos-3629\/","title":{"rendered":"Mes de la Herencia Hispana: Destacamos a las peque\u00f1as empresas y a los trabajadores por cuenta propia latinos"},"content":{"rendered":"<p><span style=\"font-weight: 400;\">En honor al Mes de la Herencia Hispana, nos asociamos con la <\/span><a href=\"https:\/\/www.hiscec.com\/\" target=\"_blank\"><span style=\"font-weight: 400;\">C\u00e1mara Hispana de Comercio Electr\u00f3nico<\/span><\/a><span style=\"font-weight: 400;\"> (HISCEC, por sus siglas en ingl\u00e9s) para empoderar financieramente a sus miembros, a las peque\u00f1as empresas y a los <\/span><a href=\"https:\/\/turbotax.intuit.com\/personal-taxes\/self-employment-taxes\/\"><span style=\"font-weight: 400;\">trabajadores por cuenta propia<\/span><\/a><span style=\"font-weight: 400;\"> latinos durante el COVID-19.<\/span><\/p>\n<p><span style=\"font-weight: 400;\">Este a\u00f1o ha sido un desaf\u00edo para todos, especialmente para las peque\u00f1as empresas, ya que se han visto muy afectadas por el COVID-19. La comunidad latina, en particular, se ha visto afectada de manera desproporcionada durante este tiempo. Seg\u00fan la Iniciativa del Estado para Emprendimiento Latino del 2019 (2019 State of Latino Entrepreneurship Initiative, en ingl\u00e9s<\/span><span style=\"font-weight: 400;\">)<\/span><span style=\"font-weight: 400;\">, las empresas con propietarios latinos emplean a m\u00e1s de 3 millones de personas y han crecido un 34% en la \u00faltima d\u00e9cada, en comparaci\u00f3n con el crecimiento de un 1% en general de todas las empresas en los EE.UU, lo cual explica el por qu\u00e9 las comunidades latinas se han visto afectadas en gran medida por el COVID-19.<\/span><\/p>\n<p><span style=\"font-weight: 400;\">\u00a0En conmemoraci\u00f3n del Mes de la Herencia Hispana, celebrado del 15 de septiembre al 15 de octubre, destacamos a los miembros de <\/span><a href=\"https:\/\/www.hiscec.com\/\" target=\"_blank\"><span style=\"font-weight: 400;\">HISCEC<\/span><\/a> <span style=\"font-weight: 400;\">y las historias de empresarios hispanos que se esfuerzan a diario por hacer realidad su sue\u00f1o americano y quienes contribuyen positivamente a sus comunidades.<\/span><\/p>\n<h3><b>Los Garc\u00edas \u2013 Panader\u00eda Rock-a-Pan, Miami, Florida<\/b><\/h3>\n<p><i><span style=\"font-weight: 400;\">Cliente de Intuit\u00a0<\/span><\/i><\/p>\n<p><img loading=\"lazy\" decoding=\"async\" class=\" wp-image-3636 alignleft\" src=\"https:\/\/blog.turbotax.intuit.com\/es\/wp-content\/uploads\/sites\/2\/2020\/09\/Rock-A-Pan.jpg\" alt=\"\" width=\"315\" height=\"450\" srcset=\"https:\/\/blog.turbotax.intuit.com\/es\/wp-content\/uploads\/sites\/2\/2020\/09\/Rock-A-Pan.jpg 1079w, https:\/\/blog.turbotax.intuit.com\/es\/wp-content\/uploads\/sites\/2\/2020\/09\/Rock-A-Pan.jpg?resize=105,150 105w, https:\/\/blog.turbotax.intuit.com\/es\/wp-content\/uploads\/sites\/2\/2020\/09\/Rock-A-Pan.jpg?resize=210,300 210w, https:\/\/blog.turbotax.intuit.com\/es\/wp-content\/uploads\/sites\/2\/2020\/09\/Rock-A-Pan.jpg?resize=768,1098 768w, https:\/\/blog.turbotax.intuit.com\/es\/wp-content\/uploads\/sites\/2\/2020\/09\/Rock-A-Pan.jpg?resize=580,829 580w, https:\/\/blog.turbotax.intuit.com\/es\/wp-content\/uploads\/sites\/2\/2020\/09\/Rock-A-Pan.jpg?resize=1075,1536 1075w, https:\/\/blog.turbotax.intuit.com\/es\/wp-content\/uploads\/sites\/2\/2020\/09\/Rock-A-Pan.jpg?resize=740,1058 740w, https:\/\/blog.turbotax.intuit.com\/es\/wp-content\/uploads\/sites\/2\/2020\/09\/Rock-A-Pan.jpg?resize=720,1029 720w\" sizes=\"auto, (max-width: 315px) 100vw, 315px\" \/>La peque\u00f1a empresa familiar naci\u00f3 en el 2011 gracias al esp\u00edritu emprendedor de la familia Garc\u00eda. La panader\u00eda Rock-a-Pan ofrece productos horneados de manera artesanal y basa su negocio en el principio de ofrecer productos de calidad que buscan satisfacer el paladar de todos en el sur de Florida.<\/p>\n<p><span style=\"font-weight: 400;\">Despu\u00e9s de desarrollar problemas de vista, Antonio ya no pod\u00eda conducir hasta su trabajo y tuvo que encontrar una nueva forma de mantener a su familia. Junto con su esposa, Antonio comenz\u00f3 a hornear postres caseros como obsequio para sus vecinos, una pasi\u00f3n que luego se convirti\u00f3 en una oportunidad de negocio.<\/span><\/p>\n<p><span style=\"font-weight: 400;\">Igual que\u00a0 la mayor\u00eda de los negocios, la pandemia del COVID-19 afect\u00f3 gravemente a Rock-a-Pan. Desde marzo, sus ventas cayeron aproximadamente un 80%, ya que la mayor\u00eda de sus clientes mayoristas eran centros comerciales y hoteles. Pero estas dificultades no detuvieron a la familia Garc\u00eda. La panader\u00eda local tuvo que reinventarse de diferentes formas para mantener el negocio a flote y retener a sus empleados. Reajustaron los turnos de personal para poder ofrecer horas a todos sus empleados y tuvieron que redise\u00f1ar su modelo de negocio, el cual ahora incluye el uso de las redes sociales para atraer nuevos clientes, asociaciones minoristas y el pr\u00f3ximo lanzamiento de su nueva aplicaci\u00f3n m\u00f3vil.<\/span><\/p>\n<p><span style=\"font-weight: 400;\">Este es el consejo de Antonio para todos los emprendedores hispanos que sue\u00f1an con poner en marcha su negocio, incluso durante estos tiempos dif\u00edciles: \u201cTengan fe en s\u00ed mismos y en su trabajo. Si amas y disfrutas lo que haces, tu trabajo se convierte en una pasi\u00f3n. Y si tu familia cree en ti y te apoya, nadie podr\u00e1 vencerte&#8221;.<\/span><\/p>\n<h3><b>Martin y Michelle Mu\u00f1oz &#8211; Carnitas Don Raul, San Antonio, Texas<\/b><\/h3>\n<p><i><span style=\"font-weight: 400;\">Cliente de Intuit\u00a0<\/span><\/i><\/p>\n<p><img loading=\"lazy\" decoding=\"async\" class=\" wp-image-3637 alignleft\" src=\"https:\/\/blog.turbotax.intuit.com\/es\/wp-content\/uploads\/sites\/2\/2020\/09\/Carnitas-Don-Raul.jpg\" alt=\"\" width=\"351\" height=\"397\" srcset=\"https:\/\/blog.turbotax.intuit.com\/es\/wp-content\/uploads\/sites\/2\/2020\/09\/Carnitas-Don-Raul.jpg 1242w, https:\/\/blog.turbotax.intuit.com\/es\/wp-content\/uploads\/sites\/2\/2020\/09\/Carnitas-Don-Raul.jpg?resize=132,150 132w, https:\/\/blog.turbotax.intuit.com\/es\/wp-content\/uploads\/sites\/2\/2020\/09\/Carnitas-Don-Raul.jpg?resize=265,300 265w, https:\/\/blog.turbotax.intuit.com\/es\/wp-content\/uploads\/sites\/2\/2020\/09\/Carnitas-Don-Raul.jpg?resize=768,870 768w, https:\/\/blog.turbotax.intuit.com\/es\/wp-content\/uploads\/sites\/2\/2020\/09\/Carnitas-Don-Raul.jpg?resize=580,657 580w, https:\/\/blog.turbotax.intuit.com\/es\/wp-content\/uploads\/sites\/2\/2020\/09\/Carnitas-Don-Raul.jpg?resize=740,838 740w, https:\/\/blog.turbotax.intuit.com\/es\/wp-content\/uploads\/sites\/2\/2020\/09\/Carnitas-Don-Raul.jpg?resize=720,816 720w\" sizes=\"auto, (max-width: 351px) 100vw, 351px\" \/><\/p>\n<p><span style=\"font-weight: 400;\">Carnitas Don Raul USA es una empresa familiar que cruza fronteras desde su lugar de origen en Morelia, Michoac\u00e1n hasta San Antonio, Texas. El negocio es un food truck que se especializa en comida tradicional mexicana, que incluye tacos, tortas, quesadillas, frijoles y su plato m\u00e1s adorado, las carnitas cocinadas al estilo michoacano.<\/span><\/p>\n<p><span style=\"font-weight: 400;\">La familia quiso expandir su negocio y llevar su sabor mexicano a aquellos que tuvieron que dejar su pa\u00eds por una vida mejor y quienes extra\u00f1aban sus ra\u00edces mexicanas. Carnitas Don Raul USA incorpora su herencia latina en cada plato al ser cocinado aut\u00e9nticamente como se hace la comida en su ciudad natal, honrando su cultura y tradici\u00f3n desde 1991.<\/span><\/p>\n<p><span style=\"font-weight: 400;\">Como muchas empresas en todo el pa\u00eds, Carnitas Don Raul se vio muy afectada por la pandemia del COVID-19 y el propietario tuvo que cambiar su estrategia comercial para obtener ganancias. Se implementaron los requisitos de salud y seguridad, incluido el uso de mascarillas y guantes en el establecimiento. Actualmente, todos los pedidos se empaquetan para su entrega, y fuera del cami\u00f3n de comida no se pueden encontrar art\u00edculos como utensilios, salsas, servilletas\u00a0 para minimizar el contacto. La empresa tambi\u00e9n se ha asociado con servicios de entrega en l\u00ednea para asegurarse de que sus clientes obtengan sus platos favoritos sin tener que salir de casa.<\/span><\/p>\n<h3><b>Vicente Torres &#8211; Tecnicentro Automotriz, La Villita, Chicago<\/b><\/h3>\n<p><i><span style=\"font-weight: 400;\">Cliente de Intuit\u00a0<\/span><\/i><\/p>\n<p><img loading=\"lazy\" decoding=\"async\" class=\"alignleft wp-image-3638\" src=\"https:\/\/blog.turbotax.intuit.com\/es\/wp-content\/uploads\/sites\/2\/2020\/09\/Vicente-Torres-1.jpg\" alt=\"Tecnicentro Automotriz\" width=\"393\" height=\"261\" srcset=\"https:\/\/blog.turbotax.intuit.com\/es\/wp-content\/uploads\/sites\/2\/2020\/09\/Vicente-Torres-1.jpg 4208w, https:\/\/blog.turbotax.intuit.com\/es\/wp-content\/uploads\/sites\/2\/2020\/09\/Vicente-Torres-1.jpg?resize=150,100 150w, https:\/\/blog.turbotax.intuit.com\/es\/wp-content\/uploads\/sites\/2\/2020\/09\/Vicente-Torres-1.jpg?resize=300,200 300w, https:\/\/blog.turbotax.intuit.com\/es\/wp-content\/uploads\/sites\/2\/2020\/09\/Vicente-Torres-1.jpg?resize=768,511 768w, https:\/\/blog.turbotax.intuit.com\/es\/wp-content\/uploads\/sites\/2\/2020\/09\/Vicente-Torres-1.jpg?resize=580,386 580w, https:\/\/blog.turbotax.intuit.com\/es\/wp-content\/uploads\/sites\/2\/2020\/09\/Vicente-Torres-1.jpg?resize=1536,1022 1536w, https:\/\/blog.turbotax.intuit.com\/es\/wp-content\/uploads\/sites\/2\/2020\/09\/Vicente-Torres-1.jpg?resize=2048,1363 2048w, https:\/\/blog.turbotax.intuit.com\/es\/wp-content\/uploads\/sites\/2\/2020\/09\/Vicente-Torres-1.jpg?resize=740,492 740w, https:\/\/blog.turbotax.intuit.com\/es\/wp-content\/uploads\/sites\/2\/2020\/09\/Vicente-Torres-1.jpg?resize=1440,958 1440w, https:\/\/blog.turbotax.intuit.com\/es\/wp-content\/uploads\/sites\/2\/2020\/09\/Vicente-Torres-1.jpg?resize=720,479 720w\" sizes=\"auto, (max-width: 393px) 100vw, 393px\" \/><\/p>\n<p><span style=\"font-weight: 400;\">Tecnicentro Automotriz Inc. es un centro de servicio automotriz que ofrece cambios de aceite, reparaciones y soporte mec\u00e1nico automotriz en general. Desde que viv\u00eda en su natal M\u00e9xico, a Vicente siempre le gust\u00f3 la mec\u00e1nica, y con un t\u00edtulo en ingenier\u00eda electr\u00f3nica industrial, poner en marcha un negocio en la industria automotriz fue natural para \u00e9l. Tecnicentro Automotriz Inc. ha estado en el negocio durante 23 a\u00f1os y opera como una familia hispana, donde cada miembro juega un papel importante en el funcionamiento del negocio. El hijo de Vicente tiene una doble maestr\u00eda en mec\u00e1nica y dirige el negocio; su hija y esposa supervisan el mercadeo, las negociaciones con los proveedores y todo lo relacionado con la operaci\u00f3n del negocio.<\/span><\/p>\n<p><span style=\"font-weight: 400;\">Al principio, la pandemia afect\u00f3 el 90% de sus ventas, a pesar de que su negocio fue identificado como esencial en Chicago. Para mantenerse a flote, Vicente tuvo que cerrar algunas cuentas con los proveedores, cambiar los horarios de entrega y ofrecer a sus dos empleados solo trabajos a tiempo parcial. Tuvieron que cambiar la forma en que anunciaban el negocio mediante el uso de sus redes sociales para atraer nuevos clientes y haciendo llamadas por tel\u00e9fono a sus clientes existentes para permanecer en contacto constante con ellos.<\/span><\/p>\n<p><span style=\"font-weight: 400;\">Vicente reflexion\u00f3 sobre su propia experiencia durante estos tiempos y ofreci\u00f3 los siguientes consejos a todos los empresarios hispanos:<\/span><i><span style=\"font-weight: 400;\"> \u201c<\/span><\/i><span style=\"font-weight: 400;\">En estos tiempos es cuando tenemos que aprovechar el potencial que el negocio nos ha dado, y transformar los malos momentos en\u00a0 positivos. Tenemos que trabajar con lo m\u00e1s valioso que tenemos que es la base de datos de nuestros clientes. Sin nuestra base de datos hubi\u00e9ramos tenido un tiempo a\u00fan m\u00e1s dif\u00edcil. Trabajen para crear una base de datos de sus clientes y mant\u00e9nganse en contacto con ellos.\u201d<\/span><\/p>\n<h3><b>Norlandy Aguirre &#8211; Norlandys Beauty Salon and Spa, Elizabeth, New Jersey<\/b><\/h3>\n<p><i><span style=\"font-weight: 400;\">Cliente de Intuit\u00a0<\/span><\/i><\/p>\n<p><img loading=\"lazy\" decoding=\"async\" class=\" wp-image-3639 alignleft\" src=\"https:\/\/blog.turbotax.intuit.com\/es\/wp-content\/uploads\/sites\/2\/2020\/09\/Norlandys_Photo.jpg\" alt=\"\" width=\"297\" height=\"301\" srcset=\"https:\/\/blog.turbotax.intuit.com\/es\/wp-content\/uploads\/sites\/2\/2020\/09\/Norlandys_Photo.jpg 1061w, https:\/\/blog.turbotax.intuit.com\/es\/wp-content\/uploads\/sites\/2\/2020\/09\/Norlandys_Photo.jpg?resize=148,150 148w, https:\/\/blog.turbotax.intuit.com\/es\/wp-content\/uploads\/sites\/2\/2020\/09\/Norlandys_Photo.jpg?resize=295,300 295w, https:\/\/blog.turbotax.intuit.com\/es\/wp-content\/uploads\/sites\/2\/2020\/09\/Norlandys_Photo.jpg?resize=768,780 768w, https:\/\/blog.turbotax.intuit.com\/es\/wp-content\/uploads\/sites\/2\/2020\/09\/Norlandys_Photo.jpg?resize=580,589 580w, https:\/\/blog.turbotax.intuit.com\/es\/wp-content\/uploads\/sites\/2\/2020\/09\/Norlandys_Photo.jpg?resize=740,752 740w, https:\/\/blog.turbotax.intuit.com\/es\/wp-content\/uploads\/sites\/2\/2020\/09\/Norlandys_Photo.jpg?resize=720,732 720w\" sizes=\"auto, (max-width: 297px) 100vw, 297px\" \/><\/p>\n<p><span style=\"font-weight: 400;\">Norlandys Beauty Salon and Spa es un sal\u00f3n de belleza que viene sirviendo a la comunidad de Elizabeth, Nueva Jersey desde hace 25 a\u00f1os. El propietario lleva 33 a\u00f1os en la industria de la belleza y, de hecho, era un empleado del lugar antes de comprarlo a su jefe jubilado. La mayor\u00eda de la clientela es de origen hispano (alrededor del 80%) lo que trae alegr\u00eda y orgullo al propietario colombiano.<\/span><\/p>\n<p><span style=\"font-weight: 400;\">Como muchas empresas en todo el pa\u00eds, el sal\u00f3n se vio afectado por la pandemia del COVID-19 y el propietario tuvo que adaptar su estrategia comercial para permanecer en el negocio. El sal\u00f3n y el spa cerraron durante casi 4 meses y se tuvieron que hacer varios ajustes en la ubicaci\u00f3n para atender a los clientes de manera segura, incluida una nueva pol\u00edtica de atenci\u00f3n por citas y la eliminaci\u00f3n de la sala de espera para evitar la aglomeraci\u00f3n de personas. Sin embargo, Norlandy pudo superar esos momentos dif\u00edciles al aplicar su mantra, &#8220;Mantenga su fe, su optimismo y su pasi\u00f3n&#8221;, dice el propietario.<\/span><\/p>\n<h3><b>Erick Magana \u2013 PBF, San Diego, California<\/b><\/h3>\n<p><i><span style=\"font-weight: 400;\">Cliente de Intuit\u00a0<\/span><\/i><\/p>\n<p><img loading=\"lazy\" decoding=\"async\" class=\" wp-image-3640 alignleft\" src=\"https:\/\/blog.turbotax.intuit.com\/es\/wp-content\/uploads\/sites\/2\/2020\/09\/erick2.jpg\" alt=\"\" width=\"325\" height=\"325\" srcset=\"https:\/\/blog.turbotax.intuit.com\/es\/wp-content\/uploads\/sites\/2\/2020\/09\/erick2.jpg 626w, https:\/\/blog.turbotax.intuit.com\/es\/wp-content\/uploads\/sites\/2\/2020\/09\/erick2.jpg?resize=150,150 150w, https:\/\/blog.turbotax.intuit.com\/es\/wp-content\/uploads\/sites\/2\/2020\/09\/erick2.jpg?resize=300,300 300w, https:\/\/blog.turbotax.intuit.com\/es\/wp-content\/uploads\/sites\/2\/2020\/09\/erick2.jpg?resize=580,580 580w, https:\/\/blog.turbotax.intuit.com\/es\/wp-content\/uploads\/sites\/2\/2020\/09\/erick2.jpg?resize=600,600 600w\" sizes=\"auto, (max-width: 325px) 100vw, 325px\" \/><\/p>\n<p><span style=\"font-weight: 400;\">Premium Business Films LLC (PBF) es una productora de videos fundada en el 2014 por el creador hispano independiente Erick Magana. La misi\u00f3n de la empresa es crear videos comerciales promocionales para empresarios de alto nivel con el fin de aumentar su credibilidad y ayudar a sus clientes prospectos a tomar la decisi\u00f3n final.<\/span><\/p>\n<p><span style=\"font-weight: 400;\">Magana es uno de los muchos trabajadores por cuenta propia que se vieron afectados por la pandemia de este a\u00f1o. La principal fuente de ingresos de esta productora de videos proven\u00eda de eventos como conferencias, seminarios, talleres y retiros. Con la cancelaci\u00f3n de muchos de estos, las ganancias se vieron significativamente afectadas. Sin embargo, al invertir en una capacitaci\u00f3n virtual, participar en iniciativas comunitarias y, lo m\u00e1s importante, realizar un seguimiento de sus finanzas, el propietario logr\u00f3 mantenerse a flote.<\/span><\/p>\n<p><span style=\"font-weight: 400;\">Los clientes de Intuit, como los que se presentan aqu\u00ed, conf\u00edan en herramientas claves para hacer crecer sus negocios y mantenerse al d\u00eda con sus finanzas. Si eres propietario de una peque\u00f1a empresa o trabajas por cuenta propia, no te olvides de visitar nuestros productos de Intuit que pueden ayudarte a lograr tus objetivos financieros:<\/span><\/p>\n<ul>\n<li style=\"font-weight: 400;\"><a href=\"https:\/\/turbotax.intuit.com\/personal-taxes\/self-employment-taxes\/\"><b>TurboTax Self-Employed<\/b><\/a><span style=\"font-weight: 400;\"> te ayuda a descubrir de manera sencilla las deducciones de impuestos espec\u00edficas para tu industria. Si tienes preguntas mientras presentas tus impuestos o sobre impuestos estimados durante el a\u00f1o, puedes conectarte en vivo mediante una videollamada unidireccional con un contador p\u00fablico autorizado (CPA) o agente registrado de TurboTax Experts Self-Employed para obtener las respuestas que necesitas en ingl\u00e9s o espa\u00f1ol.<\/span><\/li>\n<li style=\"font-weight: 400;\"><a href=\"https:\/\/quickbooks.intuit.com\/self-employed\/\"><b>QuickBooks Self-Employed<\/b><\/a><span style=\"font-weight: 400;\"> te ayuda a monitorear tus ingresos, gastos y millaje durante todo el a\u00f1o, y a conservar tus recibos con tan s\u00f3lo tomar una foto. La informaci\u00f3n de tu negocio es luego transferida a tu declaraci\u00f3n de impuestos de TurboTax Self-Employed, haci\u00e9ndote la vida m\u00e1s f\u00e1cil al momento de declarar impuestos.<\/span><\/li>\n<li style=\"font-weight: 400;\"><a href=\"https:\/\/www.mint.com\/\" target=\"_blank\"><b>Mint<\/b><\/a><span style=\"font-weight: 400;\"> ofrece a sus usuarios un panorama m\u00e1s completo de su vida financiera, desde lo que ganan hasta lo que gastan, deben y ahorran. Ayud\u00e1ndolos a aliviar el estr\u00e9s diario asociado con la administraci\u00f3n de su vida financiera.<\/span><\/li>\n<\/ul>\n","protected":false},"excerpt":{"rendered":"<p>En honor al Mes de la Herencia Hispana, nos asociamos con la C\u00e1mara Hispana de Comercio Electr\u00f3nico (HISCEC, por sus siglas en ingl\u00e9s) para empoderar financieramente a sus miembros, a las peque\u00f1as empresas y a los trabajadores por cuenta propia latinos durante el COVID-19. Este a\u00f1o ha sido un desaf\u00edo para todos, especialmente para las<\/p>\n","protected":false},"author":27243602,"featured_media":3635,"comment_status":"closed","ping_status":"open","sticky":false,"template":"","format":"standard","meta":{"rkv_browse_by_id":0,"rkv_cta_id":0,"rkv_optimize_for_pagespeed":false,"jetpack_post_was_ever_published":false,"_jetpack_newsletter_access":"","_jetpack_dont_email_post_to_subs":false,"_jetpack_newsletter_tier_id":0,"_jetpack_memberships_contains_paywalled_content":false,"useModifiedDate":false,"customPublishDate":"","rkv_show_reading_progress":false,"_jetpack_memberships_contains_paid_content":false,"footnotes":"","jetpack_publicize_message":"","jetpack_publicize_feature_enabled":true,"jetpack_social_post_already_shared":true,"jetpack_social_options":{"image_generator_settings":{"template":"highway","default_image_id":0,"font":"","enabled":false},"version":2},"_wpas_customize_per_network":false},"categories":[19],"tags":[25,24],"intuit_collection":[],"intuit_series":[],"tt_tax_year":[],"coauthors":[],"class_list":["post-3629","post","type-post","status-publish","format-standard","has-post-thumbnail","hentry","category-trabajo-por-cuenta-propia","tag-pequenas-empresas","tag-trabajo-por-cuenta-propia"],"yoast_head":"<!-- This site is optimized with the Yoast SEO plugin v27.3 - https:\/\/yoast.com\/product\/yoast-seo-wordpress\/ -->\n<title>Mes de la Herencia Hispana: Destacamos a las peque\u00f1as empresas y a los trabajadores por cuenta propia latinos | TurboTax Blog Espa\u00f1ol<\/title>\n<meta name=\"robots\" content=\"index, follow, max-snippet:-1, max-image-preview:large, max-video-preview:-1\" \/>\n<link rel=\"canonical\" href=\"https:\/\/blog.turbotax.intuit.com\/es\/trabajo-por-cuenta-propia\/mes-de-la-herencia-hispana-destacamos-a-las-pequenas-empresas-y-a-los-trabajadores-por-cuenta-propia-latinos-3629\/\" \/>\n<meta property=\"og:locale\" content=\"es_ES\" \/>\n<meta property=\"og:type\" content=\"article\" \/>\n<meta property=\"og:title\" content=\"Mes de la Herencia Hispana: Destacamos a las peque\u00f1as empresas y a los trabajadores por cuenta propia latinos | TurboTax Blog Espa\u00f1ol\" \/>\n<meta property=\"og:description\" content=\"En honor al Mes de la Herencia Hispana, nos asociamos con la C\u00e1mara Hispana de Comercio Electr\u00f3nico (HISCEC, por sus siglas en ingl\u00e9s) para empoderar financieramente a sus miembros, a las peque\u00f1as empresas y a los trabajadores por cuenta propia latinos durante el COVID-19. Este a\u00f1o ha sido un desaf\u00edo para todos, especialmente para las\" \/>\n<meta property=\"og:url\" content=\"https:\/\/blog.turbotax.intuit.com\/es\/trabajo-por-cuenta-propia\/mes-de-la-herencia-hispana-destacamos-a-las-pequenas-empresas-y-a-los-trabajadores-por-cuenta-propia-latinos-3629\/\" \/>\n<meta property=\"og:site_name\" content=\"Blog en Espa\u00f1ol\" \/>\n<meta property=\"article:published_time\" content=\"2020-09-15T12:00:13+00:00\" \/>\n<meta property=\"og:image\" content=\"https:\/\/blog.turbotax.intuit.com\/es\/wp-content\/uploads\/sites\/2\/2020\/09\/HHM-self-employed.png\" \/>\n\t<meta property=\"og:image:width\" content=\"1206\" \/>\n\t<meta property=\"og:image:height\" content=\"720\" \/>\n\t<meta property=\"og:image:type\" content=\"image\/png\" \/>\n<meta name=\"author\" content=\"TurboTaxBlogTeam\" \/>\n<meta name=\"twitter:card\" content=\"summary_large_image\" \/>\n<meta name=\"twitter:label1\" content=\"Written by\" \/>\n\t<meta name=\"twitter:data1\" content=\"TurboTaxBlogTeam\" \/>\n\t<meta name=\"twitter:label2\" content=\"Est. reading time\" \/>\n\t<meta name=\"twitter:data2\" content=\"8 minutes\" \/>\n<script type=\"application\/ld+json\" class=\"yoast-schema-graph\">{\"@context\":\"https:\\\/\\\/schema.org\",\"@graph\":[{\"@type\":\"Article\",\"@id\":\"https:\\\/\\\/blog.turbotax.intuit.com\\\/es\\\/trabajo-por-cuenta-propia\\\/mes-de-la-herencia-hispana-destacamos-a-las-pequenas-empresas-y-a-los-trabajadores-por-cuenta-propia-latinos-3629\\\/#article\",\"isPartOf\":{\"@id\":\"https:\\\/\\\/blog.turbotax.intuit.com\\\/es\\\/trabajo-por-cuenta-propia\\\/mes-de-la-herencia-hispana-destacamos-a-las-pequenas-empresas-y-a-los-trabajadores-por-cuenta-propia-latinos-3629\\\/\"},\"author\":{\"name\":\"TurboTaxBlogTeam\",\"@id\":\"https:\\\/\\\/blog.turbotax.intuit.com\\\/es\\\/#\\\/schema\\\/person\\\/5797501334e0fef0f96403fd7c042065\"},\"headline\":\"Mes de la Herencia Hispana: Destacamos a las peque\u00f1as empresas y a los trabajadores por cuenta propia latinos\",\"datePublished\":\"2020-09-15T12:00:13+00:00\",\"mainEntityOfPage\":{\"@id\":\"https:\\\/\\\/blog.turbotax.intuit.com\\\/es\\\/trabajo-por-cuenta-propia\\\/mes-de-la-herencia-hispana-destacamos-a-las-pequenas-empresas-y-a-los-trabajadores-por-cuenta-propia-latinos-3629\\\/\"},\"wordCount\":1673,\"publisher\":{\"@id\":\"https:\\\/\\\/blog.turbotax.intuit.com\\\/es\\\/#organization\"},\"image\":{\"@id\":\"https:\\\/\\\/blog.turbotax.intuit.com\\\/es\\\/trabajo-por-cuenta-propia\\\/mes-de-la-herencia-hispana-destacamos-a-las-pequenas-empresas-y-a-los-trabajadores-por-cuenta-propia-latinos-3629\\\/#primaryimage\"},\"thumbnailUrl\":\"https:\\\/\\\/blog.turbotax.intuit.com\\\/es\\\/wp-content\\\/uploads\\\/sites\\\/2\\\/2020\\\/09\\\/HHM-self-employed.png\",\"keywords\":[\"peque\u00f1as empresas\",\"trabajo por cuenta propia\"],\"articleSection\":[\"Trabajo por Cuenta Propia\"],\"inLanguage\":\"es-ES\"},{\"@type\":\"WebPage\",\"@id\":\"https:\\\/\\\/blog.turbotax.intuit.com\\\/es\\\/trabajo-por-cuenta-propia\\\/mes-de-la-herencia-hispana-destacamos-a-las-pequenas-empresas-y-a-los-trabajadores-por-cuenta-propia-latinos-3629\\\/\",\"url\":\"https:\\\/\\\/blog.turbotax.intuit.com\\\/es\\\/trabajo-por-cuenta-propia\\\/mes-de-la-herencia-hispana-destacamos-a-las-pequenas-empresas-y-a-los-trabajadores-por-cuenta-propia-latinos-3629\\\/\",\"name\":\"Mes de la Herencia Hispana: Destacamos a las peque\u00f1as empresas y a los trabajadores por cuenta propia latinos | TurboTax Blog Espa\u00f1ol\",\"isPartOf\":{\"@id\":\"https:\\\/\\\/blog.turbotax.intuit.com\\\/es\\\/#website\"},\"primaryImageOfPage\":{\"@id\":\"https:\\\/\\\/blog.turbotax.intuit.com\\\/es\\\/trabajo-por-cuenta-propia\\\/mes-de-la-herencia-hispana-destacamos-a-las-pequenas-empresas-y-a-los-trabajadores-por-cuenta-propia-latinos-3629\\\/#primaryimage\"},\"image\":{\"@id\":\"https:\\\/\\\/blog.turbotax.intuit.com\\\/es\\\/trabajo-por-cuenta-propia\\\/mes-de-la-herencia-hispana-destacamos-a-las-pequenas-empresas-y-a-los-trabajadores-por-cuenta-propia-latinos-3629\\\/#primaryimage\"},\"thumbnailUrl\":\"https:\\\/\\\/blog.turbotax.intuit.com\\\/es\\\/wp-content\\\/uploads\\\/sites\\\/2\\\/2020\\\/09\\\/HHM-self-employed.png\",\"datePublished\":\"2020-09-15T12:00:13+00:00\",\"breadcrumb\":{\"@id\":\"https:\\\/\\\/blog.turbotax.intuit.com\\\/es\\\/trabajo-por-cuenta-propia\\\/mes-de-la-herencia-hispana-destacamos-a-las-pequenas-empresas-y-a-los-trabajadores-por-cuenta-propia-latinos-3629\\\/#breadcrumb\"},\"inLanguage\":\"es-ES\",\"potentialAction\":[{\"@type\":\"ReadAction\",\"target\":[\"https:\\\/\\\/blog.turbotax.intuit.com\\\/es\\\/trabajo-por-cuenta-propia\\\/mes-de-la-herencia-hispana-destacamos-a-las-pequenas-empresas-y-a-los-trabajadores-por-cuenta-propia-latinos-3629\\\/\"]}]},{\"@type\":\"ImageObject\",\"inLanguage\":\"es-ES\",\"@id\":\"https:\\\/\\\/blog.turbotax.intuit.com\\\/es\\\/trabajo-por-cuenta-propia\\\/mes-de-la-herencia-hispana-destacamos-a-las-pequenas-empresas-y-a-los-trabajadores-por-cuenta-propia-latinos-3629\\\/#primaryimage\",\"url\":\"https:\\\/\\\/blog.turbotax.intuit.com\\\/es\\\/wp-content\\\/uploads\\\/sites\\\/2\\\/2020\\\/09\\\/HHM-self-employed.png\",\"contentUrl\":\"https:\\\/\\\/blog.turbotax.intuit.com\\\/es\\\/wp-content\\\/uploads\\\/sites\\\/2\\\/2020\\\/09\\\/HHM-self-employed.png\",\"width\":1206,\"height\":720},{\"@type\":\"BreadcrumbList\",\"@id\":\"https:\\\/\\\/blog.turbotax.intuit.com\\\/es\\\/trabajo-por-cuenta-propia\\\/mes-de-la-herencia-hispana-destacamos-a-las-pequenas-empresas-y-a-los-trabajadores-por-cuenta-propia-latinos-3629\\\/#breadcrumb\",\"itemListElement\":[{\"@type\":\"ListItem\",\"position\":1,\"name\":\"Home\",\"item\":\"https:\\\/\\\/blog.turbotax.intuit.com\\\/es\\\/\"},{\"@type\":\"ListItem\",\"position\":2,\"name\":\"Mes de la Herencia Hispana: Destacamos a las peque\u00f1as empresas y a los trabajadores por cuenta propia latinos\"}]},{\"@type\":\"WebSite\",\"@id\":\"https:\\\/\\\/blog.turbotax.intuit.com\\\/es\\\/#website\",\"url\":\"https:\\\/\\\/blog.turbotax.intuit.com\\\/es\\\/\",\"name\":\"TurboTax Blog Espa\u00f1ol\",\"description\":\"Es todo sobre el reembolso\",\"publisher\":{\"@id\":\"https:\\\/\\\/blog.turbotax.intuit.com\\\/es\\\/#organization\"},\"potentialAction\":[{\"@type\":\"SearchAction\",\"target\":{\"@type\":\"EntryPoint\",\"urlTemplate\":\"https:\\\/\\\/blog.turbotax.intuit.com\\\/es\\\/?s={search_term_string}\"},\"query-input\":{\"@type\":\"PropertyValueSpecification\",\"valueRequired\":true,\"valueName\":\"search_term_string\"}}],\"inLanguage\":\"es-ES\"},{\"@type\":\"Organization\",\"@id\":\"https:\\\/\\\/blog.turbotax.intuit.com\\\/es\\\/#organization\",\"name\":\"TurboTax Blog Espa\u00f1ol\",\"url\":\"https:\\\/\\\/blog.turbotax.intuit.com\\\/es\\\/\",\"logo\":{\"@type\":\"ImageObject\",\"inLanguage\":\"es-ES\",\"@id\":\"https:\\\/\\\/blog.turbotax.intuit.com\\\/es\\\/#\\\/schema\\\/logo\\\/image\\\/\",\"url\":\"https:\\\/\\\/blog.turbotax.intuit.com\\\/es\\\/wp-content\\\/uploads\\\/sites\\\/2\\\/2019\\\/01\\\/tt-blog-logo-dark-2.png\",\"contentUrl\":\"https:\\\/\\\/blog.turbotax.intuit.com\\\/es\\\/wp-content\\\/uploads\\\/sites\\\/2\\\/2019\\\/01\\\/tt-blog-logo-dark-2.png\",\"width\":967,\"height\":175,\"caption\":\"TurboTax Blog Espa\u00f1ol\"},\"image\":{\"@id\":\"https:\\\/\\\/blog.turbotax.intuit.com\\\/es\\\/#\\\/schema\\\/logo\\\/image\\\/\"}},{\"@type\":\"Person\",\"@id\":\"https:\\\/\\\/blog.turbotax.intuit.com\\\/es\\\/#\\\/schema\\\/person\\\/5797501334e0fef0f96403fd7c042065\",\"name\":\"TurboTaxBlogTeam\",\"image\":{\"@type\":\"ImageObject\",\"inLanguage\":\"es-ES\",\"@id\":\"https:\\\/\\\/secure.gravatar.com\\\/avatar\\\/21f3c897d7a589cafa9bcfd92baa4d019819fb853dc81de86deb399c8ec62bf8?s=96&d=mm&r=g\",\"url\":\"https:\\\/\\\/secure.gravatar.com\\\/avatar\\\/21f3c897d7a589cafa9bcfd92baa4d019819fb853dc81de86deb399c8ec62bf8?s=96&d=mm&r=g\",\"contentUrl\":\"https:\\\/\\\/secure.gravatar.com\\\/avatar\\\/21f3c897d7a589cafa9bcfd92baa4d019819fb853dc81de86deb399c8ec62bf8?s=96&d=mm&r=g\",\"caption\":\"TurboTaxBlogTeam\"},\"url\":\"https:\\\/\\\/blog.turbotax.intuit.com\\\/es\\\/author\\\/turbotaxblogteam\\\/\"}]}<\/script>\n<!-- \/ Yoast SEO plugin. -->","yoast_head_json":{"title":"Mes de la Herencia Hispana: Destacamos a las peque\u00f1as empresas y a los trabajadores por cuenta propia latinos | TurboTax Blog Espa\u00f1ol","robots":{"index":"index","follow":"follow","max-snippet":"max-snippet:-1","max-image-preview":"max-image-preview:large","max-video-preview":"max-video-preview:-1"},"canonical":"https:\/\/blog.turbotax.intuit.com\/es\/trabajo-por-cuenta-propia\/mes-de-la-herencia-hispana-destacamos-a-las-pequenas-empresas-y-a-los-trabajadores-por-cuenta-propia-latinos-3629\/","og_locale":"es_ES","og_type":"article","og_title":"Mes de la Herencia Hispana: Destacamos a las peque\u00f1as empresas y a los trabajadores por cuenta propia latinos | TurboTax Blog Espa\u00f1ol","og_description":"En honor al Mes de la Herencia Hispana, nos asociamos con la C\u00e1mara Hispana de Comercio Electr\u00f3nico (HISCEC, por sus siglas en ingl\u00e9s) para empoderar financieramente a sus miembros, a las peque\u00f1as empresas y a los trabajadores por cuenta propia latinos durante el COVID-19. Este a\u00f1o ha sido un desaf\u00edo para todos, especialmente para las","og_url":"https:\/\/blog.turbotax.intuit.com\/es\/trabajo-por-cuenta-propia\/mes-de-la-herencia-hispana-destacamos-a-las-pequenas-empresas-y-a-los-trabajadores-por-cuenta-propia-latinos-3629\/","og_site_name":"Blog en Espa\u00f1ol","article_published_time":"2020-09-15T12:00:13+00:00","og_image":[{"width":1206,"height":720,"url":"https:\/\/blog.turbotax.intuit.com\/es\/wp-content\/uploads\/sites\/2\/2020\/09\/HHM-self-employed.png","type":"image\/png"}],"author":"TurboTaxBlogTeam","twitter_card":"summary_large_image","twitter_misc":{"Written by":"TurboTaxBlogTeam","Est. reading time":"8 minutes"},"schema":{"@context":"https:\/\/schema.org","@graph":[{"@type":"Article","@id":"https:\/\/blog.turbotax.intuit.com\/es\/trabajo-por-cuenta-propia\/mes-de-la-herencia-hispana-destacamos-a-las-pequenas-empresas-y-a-los-trabajadores-por-cuenta-propia-latinos-3629\/#article","isPartOf":{"@id":"https:\/\/blog.turbotax.intuit.com\/es\/trabajo-por-cuenta-propia\/mes-de-la-herencia-hispana-destacamos-a-las-pequenas-empresas-y-a-los-trabajadores-por-cuenta-propia-latinos-3629\/"},"author":{"name":"TurboTaxBlogTeam","@id":"https:\/\/blog.turbotax.intuit.com\/es\/#\/schema\/person\/5797501334e0fef0f96403fd7c042065"},"headline":"Mes de la Herencia Hispana: Destacamos a las peque\u00f1as empresas y a los trabajadores por cuenta propia latinos","datePublished":"2020-09-15T12:00:13+00:00","mainEntityOfPage":{"@id":"https:\/\/blog.turbotax.intuit.com\/es\/trabajo-por-cuenta-propia\/mes-de-la-herencia-hispana-destacamos-a-las-pequenas-empresas-y-a-los-trabajadores-por-cuenta-propia-latinos-3629\/"},"wordCount":1673,"publisher":{"@id":"https:\/\/blog.turbotax.intuit.com\/es\/#organization"},"image":{"@id":"https:\/\/blog.turbotax.intuit.com\/es\/trabajo-por-cuenta-propia\/mes-de-la-herencia-hispana-destacamos-a-las-pequenas-empresas-y-a-los-trabajadores-por-cuenta-propia-latinos-3629\/#primaryimage"},"thumbnailUrl":"https:\/\/blog.turbotax.intuit.com\/es\/wp-content\/uploads\/sites\/2\/2020\/09\/HHM-self-employed.png","keywords":["peque\u00f1as empresas","trabajo por cuenta propia"],"articleSection":["Trabajo por Cuenta Propia"],"inLanguage":"es-ES"},{"@type":"WebPage","@id":"https:\/\/blog.turbotax.intuit.com\/es\/trabajo-por-cuenta-propia\/mes-de-la-herencia-hispana-destacamos-a-las-pequenas-empresas-y-a-los-trabajadores-por-cuenta-propia-latinos-3629\/","url":"https:\/\/blog.turbotax.intuit.com\/es\/trabajo-por-cuenta-propia\/mes-de-la-herencia-hispana-destacamos-a-las-pequenas-empresas-y-a-los-trabajadores-por-cuenta-propia-latinos-3629\/","name":"Mes de la Herencia Hispana: Destacamos a las peque\u00f1as empresas y a los trabajadores por cuenta propia latinos | TurboTax Blog Espa\u00f1ol","isPartOf":{"@id":"https:\/\/blog.turbotax.intuit.com\/es\/#website"},"primaryImageOfPage":{"@id":"https:\/\/blog.turbotax.intuit.com\/es\/trabajo-por-cuenta-propia\/mes-de-la-herencia-hispana-destacamos-a-las-pequenas-empresas-y-a-los-trabajadores-por-cuenta-propia-latinos-3629\/#primaryimage"},"image":{"@id":"https:\/\/blog.turbotax.intuit.com\/es\/trabajo-por-cuenta-propia\/mes-de-la-herencia-hispana-destacamos-a-las-pequenas-empresas-y-a-los-trabajadores-por-cuenta-propia-latinos-3629\/#primaryimage"},"thumbnailUrl":"https:\/\/blog.turbotax.intuit.com\/es\/wp-content\/uploads\/sites\/2\/2020\/09\/HHM-self-employed.png","datePublished":"2020-09-15T12:00:13+00:00","breadcrumb":{"@id":"https:\/\/blog.turbotax.intuit.com\/es\/trabajo-por-cuenta-propia\/mes-de-la-herencia-hispana-destacamos-a-las-pequenas-empresas-y-a-los-trabajadores-por-cuenta-propia-latinos-3629\/#breadcrumb"},"inLanguage":"es-ES","potentialAction":[{"@type":"ReadAction","target":["https:\/\/blog.turbotax.intuit.com\/es\/trabajo-por-cuenta-propia\/mes-de-la-herencia-hispana-destacamos-a-las-pequenas-empresas-y-a-los-trabajadores-por-cuenta-propia-latinos-3629\/"]}]},{"@type":"ImageObject","inLanguage":"es-ES","@id":"https:\/\/blog.turbotax.intuit.com\/es\/trabajo-por-cuenta-propia\/mes-de-la-herencia-hispana-destacamos-a-las-pequenas-empresas-y-a-los-trabajadores-por-cuenta-propia-latinos-3629\/#primaryimage","url":"https:\/\/blog.turbotax.intuit.com\/es\/wp-content\/uploads\/sites\/2\/2020\/09\/HHM-self-employed.png","contentUrl":"https:\/\/blog.turbotax.intuit.com\/es\/wp-content\/uploads\/sites\/2\/2020\/09\/HHM-self-employed.png","width":1206,"height":720},{"@type":"BreadcrumbList","@id":"https:\/\/blog.turbotax.intuit.com\/es\/trabajo-por-cuenta-propia\/mes-de-la-herencia-hispana-destacamos-a-las-pequenas-empresas-y-a-los-trabajadores-por-cuenta-propia-latinos-3629\/#breadcrumb","itemListElement":[{"@type":"ListItem","position":1,"name":"Home","item":"https:\/\/blog.turbotax.intuit.com\/es\/"},{"@type":"ListItem","position":2,"name":"Mes de la Herencia Hispana: Destacamos a las peque\u00f1as empresas y a los trabajadores por cuenta propia latinos"}]},{"@type":"WebSite","@id":"https:\/\/blog.turbotax.intuit.com\/es\/#website","url":"https:\/\/blog.turbotax.intuit.com\/es\/","name":"TurboTax Blog Espa\u00f1ol","description":"Es todo sobre el reembolso","publisher":{"@id":"https:\/\/blog.turbotax.intuit.com\/es\/#organization"},"potentialAction":[{"@type":"SearchAction","target":{"@type":"EntryPoint","urlTemplate":"https:\/\/blog.turbotax.intuit.com\/es\/?s={search_term_string}"},"query-input":{"@type":"PropertyValueSpecification","valueRequired":true,"valueName":"search_term_string"}}],"inLanguage":"es-ES"},{"@type":"Organization","@id":"https:\/\/blog.turbotax.intuit.com\/es\/#organization","name":"TurboTax Blog Espa\u00f1ol","url":"https:\/\/blog.turbotax.intuit.com\/es\/","logo":{"@type":"ImageObject","inLanguage":"es-ES","@id":"https:\/\/blog.turbotax.intuit.com\/es\/#\/schema\/logo\/image\/","url":"https:\/\/blog.turbotax.intuit.com\/es\/wp-content\/uploads\/sites\/2\/2019\/01\/tt-blog-logo-dark-2.png","contentUrl":"https:\/\/blog.turbotax.intuit.com\/es\/wp-content\/uploads\/sites\/2\/2019\/01\/tt-blog-logo-dark-2.png","width":967,"height":175,"caption":"TurboTax Blog Espa\u00f1ol"},"image":{"@id":"https:\/\/blog.turbotax.intuit.com\/es\/#\/schema\/logo\/image\/"}},{"@type":"Person","@id":"https:\/\/blog.turbotax.intuit.com\/es\/#\/schema\/person\/5797501334e0fef0f96403fd7c042065","name":"TurboTaxBlogTeam","image":{"@type":"ImageObject","inLanguage":"es-ES","@id":"https:\/\/secure.gravatar.com\/avatar\/21f3c897d7a589cafa9bcfd92baa4d019819fb853dc81de86deb399c8ec62bf8?s=96&d=mm&r=g","url":"https:\/\/secure.gravatar.com\/avatar\/21f3c897d7a589cafa9bcfd92baa4d019819fb853dc81de86deb399c8ec62bf8?s=96&d=mm&r=g","contentUrl":"https:\/\/secure.gravatar.com\/avatar\/21f3c897d7a589cafa9bcfd92baa4d019819fb853dc81de86deb399c8ec62bf8?s=96&d=mm&r=g","caption":"TurboTaxBlogTeam"},"url":"https:\/\/blog.turbotax.intuit.com\/es\/author\/turbotaxblogteam\/"}]}},"header_image":"","jetpack_publicize_connections":[],"jetpack_featured_media_url":"https:\/\/blog.turbotax.intuit.com\/es\/wp-content\/uploads\/sites\/2\/2020\/09\/HHM-self-employed.png","jetpack_sharing_enabled":true,"jetpack_shortlink":"https:\/\/wp.me\/pdHEVC-Wx","intuit_reading_minutes":8,"_links":{"self":[{"href":"https:\/\/blog.turbotax.intuit.com\/es\/wp-json\/wp\/v2\/posts\/3629","targetHints":{"allow":["GET"]}}],"collection":[{"href":"https:\/\/blog.turbotax.intuit.com\/es\/wp-json\/wp\/v2\/posts"}],"about":[{"href":"https:\/\/blog.turbotax.intuit.com\/es\/wp-json\/wp\/v2\/types\/post"}],"author":[{"embeddable":true,"href":"https:\/\/blog.turbotax.intuit.com\/es\/wp-json\/wp\/v2\/users\/27243602"}],"replies":[{"embeddable":true,"href":"https:\/\/blog.turbotax.intuit.com\/es\/wp-json\/wp\/v2\/comments?post=3629"}],"version-history":[{"count":7,"href":"https:\/\/blog.turbotax.intuit.com\/es\/wp-json\/wp\/v2\/posts\/3629\/revisions"}],"predecessor-version":[{"id":3647,"href":"https:\/\/blog.turbotax.intuit.com\/es\/wp-json\/wp\/v2\/posts\/3629\/revisions\/3647"}],"wp:featuredmedia":[{"embeddable":true,"href":"https:\/\/blog.turbotax.intuit.com\/es\/wp-json\/wp\/v2\/media\/3635"}],"wp:attachment":[{"href":"https:\/\/blog.turbotax.intuit.com\/es\/wp-json\/wp\/v2\/media?parent=3629"}],"wp:term":[{"taxonomy":"category","embeddable":true,"href":"https:\/\/blog.turbotax.intuit.com\/es\/wp-json\/wp\/v2\/categories?post=3629"},{"taxonomy":"post_tag","embeddable":true,"href":"https:\/\/blog.turbotax.intuit.com\/es\/wp-json\/wp\/v2\/tags?post=3629"},{"taxonomy":"intuit_collection","embeddable":true,"href":"https:\/\/blog.turbotax.intuit.com\/es\/wp-json\/wp\/v2\/intuit_collection?post=3629"},{"taxonomy":"intuit_series","embeddable":true,"href":"https:\/\/blog.turbotax.intuit.com\/es\/wp-json\/wp\/v2\/intuit_series?post=3629"},{"taxonomy":"tt_tax_year","embeddable":true,"href":"https:\/\/blog.turbotax.intuit.com\/es\/wp-json\/wp\/v2\/tt_tax_year?post=3629"},{"taxonomy":"author","embeddable":true,"href":"https:\/\/blog.turbotax.intuit.com\/es\/wp-json\/wp\/v2\/coauthors?post=3629"}],"curies":[{"name":"wp","href":"https:\/\/api.w.org\/{rel}","templated":true}]}}