{"id":3380,"date":"2020-07-02T11:13:37","date_gmt":"2020-07-02T18:13:37","guid":{"rendered":"https:\/\/blog.turbotax.intuit.com\/es\/?p=3380"},"modified":"2021-03-19T11:29:13","modified_gmt":"2021-03-19T18:29:13","slug":"turbotax-lanza-el-centro-de-alivio-para-trabajadores-por-cuenta-propia-en-respuesta-al-coronavirus","status":"publish","type":"post","link":"https:\/\/blog.turbotax.intuit.com\/es\/trabajo-por-cuenta-propia\/turbotax-lanza-el-centro-de-alivio-para-trabajadores-por-cuenta-propia-en-respuesta-al-coronavirus-3380\/","title":{"rendered":"TurboTax lanza el Centro de Alivio para trabajadores por cuenta propia en respuesta al coronavirus"},"content":{"rendered":"<p><em>Este contenido\u202faplica\u202fpara el\u00a0primer\u00a0paquete de ayuda por\u202fel coronavirus, que se convirti\u00f3 en ley en\u00a0marzo\u00a0de 2020. Para obtener informaci\u00f3n sobre el tercer paquete de ayuda por\u202fel coronavirus, visita\u202fnuestra publicaci\u00f3n\u202fen el\u202fblog\u202f<\/em><a href=\"https:\/\/blog.turbotax.intuit.com\/es\/noticias-sobre-impuestos\/plan-de-rescate-estadounidense-que-significa-para-ti-y-el-tercer-pago-de-estimulo-4131\/\"><em>\u201c<\/em><em>Plan de\u202fRescate\u202fEstadounidense: qu\u00e9 significa para\u202fti\u202fy\u202fel\u202ftercer\u202fcheque\u202fde est\u00edmulo<\/em><\/a><em>\u201d<\/em><\/p>\n<p><span data-contrast=\"auto\">Sabemos que son tiempos dif\u00edciles y que, como resultado de la pandemia del COVID-19, muchos trabajadores por cuenta propia y propietarios de peque\u00f1as empresas han perdido su sustento y est\u00e1n experimentando serias dificultades econ\u00f3micas a ra\u00edz del coronavirus (COVID-19).\u00a0<\/span><span data-ccp-props=\"{&quot;201341983&quot;:0,&quot;335559740&quot;:276}\">\u00a0<\/span><\/p>\n<p><span data-contrast=\"auto\">Un nuevo reporte elaborado por la\u00a0<\/span><span data-contrast=\"auto\">Freelancers<\/span><span data-contrast=\"auto\">\u00a0<\/span><span data-contrast=\"auto\">Union<\/span><span data-contrast=\"auto\">\u00a0(Uni\u00f3n de Trabajadores Independientes) indica que m\u00e1s del 76% de los trabajadores independientes perdieron su trabajo como resultado del coronavirus, y que se espera que el 91% de los trabajadores por cuenta propia pierdan ingresos como resultado de la pandemia.<\/span><span data-ccp-props=\"{&quot;201341983&quot;:0,&quot;335559740&quot;:276}\">\u00a0<\/span><\/p>\n<p><span data-contrast=\"auto\">Para\u00a0<\/span><span data-contrast=\"auto\">conectar\u00a0<\/span><span data-contrast=\"auto\">\u00a0a nuestra comunidad de trabajadores por cuenta propia y propietarios de peque\u00f1as empresas\u00a0<\/span><span data-contrast=\"auto\">con\u00a0<\/span><span data-contrast=\"auto\">ayuda financiera muy necesaria a mediano y largo plazo, TurboTax lanz\u00f3 el\u00a0<\/span><a href=\"https:\/\/blog.turbotax.intuit.com\/es\/trabajo-por-cuenta-propia-centro-de-alivio-al-coronavirus\/\"><span data-contrast=\"none\">Centro de alivio para trabajadores por cuenta propia en respuesta al coronavirus<\/span><\/a><span data-contrast=\"auto\">.\u00a0<\/span><span data-ccp-props=\"{&quot;201341983&quot;:0,&quot;335559740&quot;:276}\">\u00a0<\/span><\/p>\n<p><span data-contrast=\"auto\">El Centro de Alivio para trabajadores por cuenta propia en respuesta al coronavirus brinda informaci\u00f3n actualizada, asesoramiento sobre impuestos y herramientas para ayudar a los individuos a explorar de manera eficiente los distintos programas de ayuda en respuesta al coronavirus para los que podr\u00edan ser elegibles. Se puede acceder a \u00e9l sin cargo dentro del <\/span><a href=\"https:\/\/blog.turbotax.intuit.com\/es\/\"><span data-contrast=\"none\">Blog de TurboTax<\/span><\/a><span data-contrast=\"auto\">.<\/span><span data-ccp-props=\"{&quot;201341983&quot;:0,&quot;335559740&quot;:276}\">\u00a0<\/span><\/p>\n<p><span data-contrast=\"auto\">El centro de alivio cuenta con recursos en\u00a0<\/span><a href=\"https:\/\/blog.turbotax.intuit.com\/self-employed-coronavirus-relief-center\/\"><span data-contrast=\"none\">ingl\u00e9s<\/span><\/a><span data-contrast=\"auto\">\u00a0y en\u00a0<\/span><a href=\"https:\/\/blog.turbotax.intuit.com\/es\/trabajo-por-cuenta-propia-centro-de-alivio-al-coronavirus\/\"><span data-contrast=\"none\">espa\u00f1ol<\/span><\/a><span data-contrast=\"auto\">\u00a0sobre los siguientes temas:\u00a0<\/span><span data-ccp-props=\"{&quot;201341983&quot;:0,&quot;335559740&quot;:276}\">\u00a0<\/span><\/p>\n<ul>\n<li data-leveltext=\"\u25cf\" data-font=\"\" data-listid=\"1\" data-aria-posinset=\"1\" data-aria-level=\"1\"><b><span data-contrast=\"auto\">Programas de alivio en respuesta al coronavirus (COVID-19):<\/span><\/b><span data-contrast=\"auto\">\u00a0Informaci\u00f3n sobre el Programa de Protecci\u00f3n de Cheques de Pago (PPP), el Pr\u00e9stamo por Afectaciones y Desastres Financieros y la Ley de Ayuda, Alivio y Seguridad Econ\u00f3mica Contra el Coronavirus (Ley CARES) que se acaba de aprobar y brinda ayuda financiera a trabajadores por cuenta propia y propietarios de peque\u00f1as empresas que est\u00e1n experimentando dificultades econ\u00f3micas a ra\u00edz del coronavirus.<\/span><span data-ccp-props=\"{&quot;201341983&quot;:0,&quot;335559740&quot;:276}\">\u00a0<\/span><\/li>\n<li data-leveltext=\"\u25cf\" data-font=\"\" data-listid=\"1\" data-aria-posinset=\"2\" data-aria-level=\"1\"><b><span data-contrast=\"auto\">Beneficios y seguro de desempleo:\u00a0<\/span><\/b><span data-contrast=\"auto\">Elegibilidad para la pr\u00f3rroga de beneficios de desempleo para trabajadores por cuenta\u00a0<\/span><span data-contrast=\"auto\">propia\u00a0<\/span><span data-contrast=\"auto\">dentro del alcance de la Ley CARES.<\/span><span data-ccp-props=\"{&quot;201341983&quot;:0,&quot;335559740&quot;:276}\">\u00a0<\/span><\/li>\n<li data-leveltext=\"\u25cf\" data-font=\"\" data-listid=\"1\" data-aria-posinset=\"3\" data-aria-level=\"1\"><b><span data-contrast=\"auto\">Cr\u00e9ditos de ayuda tributaria:\u00a0<\/span><\/b><span data-contrast=\"auto\">Informaci\u00f3n sobre la ayuda brindada dentro del alcance de la\u00a0<\/span><a href=\"https:\/\/blog.turbotax.intuit.com\/tax-news\/families-first-coronavirus-response-act-everything-taxpayers-need-to-know-about-the-new-relief-bill-46430\/\"><span data-contrast=\"none\">Ley Familias Primero en Respuesta al Coronavirus\u00a0<\/span><\/a><span data-contrast=\"auto\">en forma de cr\u00e9ditos tributarios reembolsables para licencias por enfermedad\u00a0<\/span><span data-contrast=\"auto\">para uno mismo\u00a0<\/span><span data-contrast=\"auto\">y\u00a0<\/span><span data-contrast=\"auto\">para\u00a0<\/span><span data-contrast=\"auto\">familiares\u00a0<\/span><span data-contrast=\"auto\">calificad<\/span><span data-contrast=\"auto\">o<\/span><span data-contrast=\"auto\">s<\/span><span data-contrast=\"auto\">\u00a0disponible<\/span><span data-contrast=\"auto\">\u00a0<\/span><span data-contrast=\"auto\">para trabajadores por cuenta propia y propietarios de peque\u00f1as empresas.<\/span><span data-ccp-props=\"{&quot;201341983&quot;:0,&quot;335559740&quot;:276}\">\u00a0<\/span><\/li>\n<li data-leveltext=\"\u25cf\" data-font=\"\" data-listid=\"1\" data-aria-posinset=\"4\" data-aria-level=\"1\"><b><span data-contrast=\"auto\">Pr\u00f3rrogas de fechas l\u00edmite para la presentaci\u00f3n de declaraciones de impuestos:<\/span><\/b><span data-contrast=\"auto\">\u00a0Informaci\u00f3n sobre varios\u00a0<\/span><a href=\"https:\/\/blog.turbotax.intuit.com\/es\/noticias-turbotax\/se-va-a-retrasar-la-fecha-limite-para-declarar-impuestos-lo-que-necesitas-saber-acerca-del-coronavirus-covid-19-y-tus-impuestos-2810\/\"><span data-contrast=\"none\">cambios en la temporada de presentaci\u00f3n de declaraciones de impuestos\u00a0<\/span><\/a><span data-contrast=\"auto\">que hizo el IRS (Servicio de Impuestos Internos) en respuesta al COVID-19, como la pr\u00f3rroga al 15\u202fde\u202fjulio de 2020 de la fecha l\u00edmite de presentaci\u00f3n de las declaraciones federales de impuestos y de los pagos estimados del impuesto federal\u00a0<\/span><span data-contrast=\"auto\">sobre los ingresos correspondientes al primer y al segundo trimestre de 2020, adem\u00e1s de los aplazamientos de los pagos de impuestos federales y la anulaci\u00f3n del cobro de intereses y de la aplicaci\u00f3n de multas durante 90\u202fd\u00edas, hasta el 15\u202fde\u202fjulio.<\/span><span data-ccp-props=\"{&quot;201341983&quot;:0,&quot;335559740&quot;:276}\">\u00a0<\/span><\/li>\n<\/ul>\n<ul>\n<li data-leveltext=\"\u25cf\" data-font=\"\" data-listid=\"1\" data-aria-posinset=\"1\" data-aria-level=\"1\"><b><span data-contrast=\"auto\">Consejos para la administraci\u00f3n financiera:\u00a0<\/span><\/b><span data-contrast=\"auto\">Consejos para ayudar a los individuos afectados a tomar las riendas de sus finanzas y tomar decisiones monetarias inteligentes durante el COVID-19 y despu\u00e9s de \u00e9l.\u00a0<\/span><span data-ccp-props=\"{&quot;201341983&quot;:0,&quot;335559740&quot;:276}\">\u00a0<\/span><\/li>\n<\/ul>\n<ul>\n<li style=\"list-style-type: none;\">\n<ul>\n<li data-leveltext=\"\u25cb\" data-font=\"\" data-listid=\"1\" data-aria-posinset=\"1\" data-aria-level=\"2\"><span data-contrast=\"auto\">Accede a consejos financieros que brindan planificadores financieros autorizados (CFP) y expertos en impuestos para mantenerte informado sobre los cr\u00e9ditos y las herramientas\u00a0<\/span><span data-contrast=\"auto\">gratuitas\u00a0<\/span><span data-contrast=\"auto\">disponibles.<\/span><span data-ccp-props=\"{&quot;201341983&quot;:0,&quot;335559740&quot;:276}\">\u00a0<\/span><\/li>\n<\/ul>\n<\/li>\n<\/ul>\n<ul>\n<li data-leveltext=\"\u25cf\" data-font=\"\" data-listid=\"1\" data-aria-posinset=\"2\" data-aria-level=\"1\"><b><span data-contrast=\"auto\">Herramientas, calculadoras y servicios:<\/span><\/b><span data-contrast=\"auto\">\u00a0Accede a herramientas sin cargo, como\u00a0<\/span><a href=\"https:\/\/aidassist.intuit.com\/?cid=owned-CGblog\"><span data-contrast=\"none\">Intuit\u00a0<\/span><span data-contrast=\"none\">Aid<\/span><span data-contrast=\"none\">\u00a0<\/span><span data-contrast=\"none\">Assist<\/span><\/a><span data-contrast=\"auto\">, que ayudan a empresas y trabajadores por cuenta propia (trabajadores independientes y por proyecto)\u00a0<\/span><span data-contrast=\"auto\">basados<\/span><span data-contrast=\"auto\">\u00a0en los Estados Unidos a comprender los diferentes programas federales y estatales de ayuda para empresas.\u00a0<\/span><span data-ccp-props=\"{&quot;201341983&quot;:0,&quot;335559740&quot;:276}\">\u00a0<\/span><\/li>\n<\/ul>\n<ul>\n<li style=\"list-style-type: none;\">\n<ul>\n<li data-leveltext=\"\u25cb\" data-font=\"\" data-listid=\"1\" data-aria-posinset=\"2\" data-aria-level=\"2\"><span data-contrast=\"auto\">Herramientas<\/span><span data-contrast=\"auto\">\u00a0gratuitas<\/span><span data-contrast=\"auto\">, como calculadoras<\/span><span data-contrast=\"auto\">\u00a0y estimadores<\/span><span data-contrast=\"auto\">, permiten que los individuos tengan una idea de los distintos cr\u00e9ditos tributarios a los que pueden acceder. Adem\u00e1s, se pueden\u00a0<\/span><span data-contrast=\"auto\">conectar en vivo mediante\u00a0<\/span><span data-contrast=\"auto\">una\u00a0<\/span><span data-contrast=\"auto\">video<\/span><span data-contrast=\"auto\">llamada<\/span><span data-contrast=\"auto\">\u00a0unidireccional con<\/span><span data-contrast=\"auto\">\u00a0contadores p\u00fablicos autorizados o agentes registrados\u00a0<\/span><span data-contrast=\"auto\">desde la comodidad de sus hogares\u00a0<\/span><span data-contrast=\"auto\">y obtener asesoramiento ilimitado sobre impuestos para trabajadores por cuenta propia a trav\u00e9s de TurboTax\u202fLive\u202fSelf-Employed.\u00a0<\/span><span data-ccp-props=\"{&quot;201341983&quot;:0,&quot;335559740&quot;:276}\">\u00a0<\/span><\/li>\n<\/ul>\n<\/li>\n<\/ul>\n<ul>\n<li data-leveltext=\"\u25cf\" data-font=\"\" data-listid=\"1\" data-aria-posinset=\"3\" data-aria-level=\"1\"><b><span data-contrast=\"auto\">Consejos tributarios y otros contenidos generales<\/span><\/b><span data-contrast=\"auto\">:\u00a0<\/span><span data-contrast=\"auto\">Asesoramiento y consejos \u00fatiles sobre impuestos para trabajadores por cuenta propia que ayudan a los individuos a descubrir deducciones espec\u00edficas de la i<\/span><span data-contrast=\"auto\">ndustria a fin de obtener m\u00e1s dinero para su bolsillo y mejores resultados tributarios.<\/span><span data-ccp-props=\"{&quot;201341983&quot;:0,&quot;335559740&quot;:276}\">\u00a0<\/span><\/li>\n<\/ul>\n<p><a href=\"https:\/\/turbotax.intuit.com\/personal-taxes\/en-espanol\/\"class=\"Hyperlink SCXW64777964 BCX0\"  target=\"_blank\" rel=\"noreferrer noopener\"><span class=\"TextRun Highlight Underlined SCXW64777964 BCX0\" lang=\"ES-US\" xml:lang=\"ES-US\" data-contrast=\"none\"><span class=\"NormalTextRun SCXW64777964 BCX0\">TurboTax<\/span><\/span><\/a><span class=\"TextRun Highlight SCXW64777964 BCX0\" lang=\"ES-US\" xml:lang=\"ES-US\" data-contrast=\"auto\"><span class=\"NormalTextRun SCXW64777964 BCX0\">\u00a0est\u00e1 aqu\u00ed para mantenerte informado y ayudarte a\u00a0<\/span><\/span><span class=\"TextRun Highlight SCXW64777964 BCX0\" lang=\"ES-US\" xml:lang=\"ES-US\" data-contrast=\"auto\"><span class=\"NormalTextRun SCXW64777964 BCX0\">presentar tu declaraci\u00f3n<\/span><\/span><span class=\"TextRun Highlight SCXW64777964 BCX0\" lang=\"ES-US\" xml:lang=\"ES-US\" data-contrast=\"auto\"><span class=\"NormalTextRun SCXW64777964 BCX0\">\u00a0ahora<\/span><\/span><span class=\"TextRun Highlight SCXW64777964 BCX0\" lang=\"ES-US\" xml:lang=\"ES-US\" data-contrast=\"auto\"><span class=\"NormalTextRun SCXW64777964 BCX0\">\u00a0y<\/span><\/span><span class=\"TextRun Highlight SCXW64777964 BCX0\" lang=\"ES-US\" xml:lang=\"ES-US\" data-contrast=\"auto\"><span class=\"NormalTextRun SCXW64777964 BCX0\">\u00a0<\/span><\/span><span class=\"TextRun Highlight SCXW64777964 BCX0\" lang=\"ES-US\" xml:lang=\"ES-US\" data-contrast=\"auto\"><span class=\"NormalTextRun SCXW64777964 BCX0\">desde la comodidad de tu hogar<\/span><\/span><span class=\"TextRun Highlight SCXW64777964 BCX0\" lang=\"ES-US\" xml:lang=\"ES-US\" data-contrast=\"auto\"><span class=\"NormalTextRun SCXW64777964 BCX0\">. <span class=\"TrackChangeTextInsertion TrackedChange SCXW40796317 BCX0\"><span class=\"TextRun SCXW40796317 BCX0\" lang=\"ES-US\" xml:lang=\"ES-US\" data-contrast=\"auto\"><span class=\"NormalTextRun SCXW40796317 BCX0\">Si\u00a0<\/span><\/span><\/span><span class=\"TrackChangeTextInsertion TrackedChange SCXW40796317 BCX0\"><span class=\"TextRun SCXW40796317 BCX0\" lang=\"ES-US\" xml:lang=\"ES-US\" data-contrast=\"auto\"><span class=\"NormalTextRun SCXW40796317 BCX0\">eres\u00a0<\/span><\/span><\/span><span class=\"TrackChangeTextInsertion TrackedChange SCXW40796317 BCX0\"><span class=\"TextRun SCXW40796317 BCX0\" lang=\"ES-US\" xml:lang=\"ES-US\" data-contrast=\"auto\"><span class=\"NormalTextRun SCXW40796317 BCX0\">propietario de una peque\u00f1a empresa o trabaja<\/span><\/span><\/span><span class=\"TrackChangeTextInsertion TrackedChange SCXW40796317 BCX0\"><span class=\"TextRun SCXW40796317 BCX0\" lang=\"ES-US\" xml:lang=\"ES-US\" data-contrast=\"auto\"><span class=\"NormalTextRun SCXW40796317 BCX0\">s<\/span><\/span><\/span><span class=\"TrackChangeTextInsertion TrackedChange SCXW40796317 BCX0\"><span class=\"TextRun SCXW40796317 BCX0\" lang=\"ES-US\" xml:lang=\"ES-US\" data-contrast=\"auto\"><span class=\"NormalTextRun SCXW40796317 BCX0\">\u00a0por cuenta propia, nuestro\u00a0<\/span><\/span><\/span><a href=\"https:\/\/blog.turbotax.intuit.com\/es\/trabajo-por-cuenta-propia-centro-de-alivio-al-coronavirus\/\"class=\"Hyperlink SCXW40796317 BCX0\"  target=\"_blank\" rel=\"noreferrer noopener\"><span class=\"TrackChangeTextInsertion TrackedChange SCXW40796317 BCX0\"><span class=\"FieldRange SCXW40796317 BCX0\"><span class=\"TextRun Underlined SCXW40796317 BCX0\" lang=\"ES-US\" xml:lang=\"ES-US\" data-contrast=\"none\"><span class=\"NormalTextRun SCXW40796317 BCX0\" data-ccp-charstyle=\"Hyperlink\">Centro de\u00a0<\/span><\/span><\/span><span class=\"TextRun Underlined SCXW40796317 BCX0\" lang=\"ES-US\" xml:lang=\"ES-US\" data-contrast=\"none\"><span class=\"NormalTextRun SCXW40796317 BCX0\" data-ccp-charstyle=\"Hyperlink\">alivio para\u00a0<\/span><\/span><span class=\"TextRun Underlined SCXW40796317 BCX0\" lang=\"ES-US\" xml:lang=\"ES-US\" data-contrast=\"none\"><span class=\"NormalTextRun SCXW40796317 BCX0\" data-ccp-charstyle=\"Hyperlink\">trabajadores por cuenta propia<\/span><\/span><span class=\"TextRun Underlined SCXW40796317 BCX0\" lang=\"ES-US\" xml:lang=\"ES-US\" data-contrast=\"none\"><span class=\"NormalTextRun SCXW40796317 BCX0\" data-ccp-charstyle=\"Hyperlink\">\u00a0en respuesta al coronavirus<\/span><\/span><\/span><\/a><span class=\"TrackChangeTextInsertion TrackedChange SCXW40796317 BCX0\"><span class=\"TextRun SCXW40796317 BCX0\" lang=\"ES-US\" xml:lang=\"ES-US\" data-contrast=\"auto\"><span class=\"NormalTextRun SCXW40796317 BCX0\">\u00a0puede brindar<\/span><\/span><\/span><span class=\"TrackChangeTextInsertion TrackedChange SCXW40796317 BCX0\"><span class=\"TextRun SCXW40796317 BCX0\" lang=\"ES-US\" xml:lang=\"ES-US\" data-contrast=\"auto\"><span class=\"NormalTextRun SCXW40796317 BCX0\">t<\/span><\/span><\/span><span class=\"TrackChangeTextInsertion TrackedChange SCXW40796317 BCX0\"><span class=\"TextRun SCXW40796317 BCX0\" lang=\"ES-US\" xml:lang=\"ES-US\" data-contrast=\"auto\"><span class=\"NormalTextRun SCXW40796317 BCX0\">e la<\/span><\/span><\/span><span class=\"TrackChangeTextInsertion TrackedChange SCXW40796317 BCX0\"><span class=\"TextRun SCXW40796317 BCX0\" data-contrast=\"auto\"><span class=\"NormalTextRun SCXW40796317 BCX0\">\u00a0<\/span><\/span><\/span><span class=\"TrackChangeTextInsertion TrackedChange SCXW40796317 BCX0\"><span class=\"TextRun SCXW40796317 BCX0\" lang=\"ES-US\" xml:lang=\"ES-US\" data-contrast=\"auto\"><span class=\"NormalTextRun SCXW40796317 BCX0\">informaci\u00f3n que necesita<\/span><\/span><\/span><span class=\"TrackChangeTextInsertion TrackedChange SCXW40796317 BCX0\"><span class=\"TextRun SCXW40796317 BCX0\" lang=\"ES-US\" xml:lang=\"ES-US\" data-contrast=\"auto\"><span class=\"NormalTextRun SCXW40796317 BCX0\">s<\/span><\/span><\/span><span class=\"TrackChangeTextInsertion TrackedChange SCXW40796317 BCX0\"><span class=\"TextRun SCXW40796317 BCX0\" lang=\"ES-US\" xml:lang=\"ES-US\" data-contrast=\"auto\"><span class=\"NormalTextRun SCXW40796317 BCX0\">\u00a0para comprender mejor\u00a0<\/span><\/span><\/span><span class=\"TrackChangeTextInsertion TrackedChange SCXW40796317 BCX0\"><span class=\"TextRun SCXW40796317 BCX0\" lang=\"ES-US\" xml:lang=\"ES-US\" data-contrast=\"auto\"><span class=\"NormalTextRun SCXW40796317 BCX0\">la ayuda por el\u00a0<\/span><\/span><\/span><span class=\"TrackChangeTextInsertion TrackedChange SCXW40796317 BCX0\"><span class=\"TextRun SCXW40796317 BCX0\" lang=\"ES-US\" xml:lang=\"ES-US\" data-contrast=\"auto\"><span class=\"NormalTextRun SCXW40796317 BCX0\">COVID-19 disponible para\u00a0<\/span><\/span><\/span><span class=\"TrackChangeTextInsertion TrackedChange SCXW40796317 BCX0\"><span class=\"TextRun SCXW40796317 BCX0\" lang=\"ES-US\" xml:lang=\"ES-US\" data-contrast=\"auto\"><span class=\"NormalTextRun SCXW40796317 BCX0\">ti<\/span><\/span><\/span><span class=\"TrackChangeTextInsertion TrackedChange SCXW40796317 BCX0\"><span class=\"TextRun SCXW40796317 BCX0\" data-contrast=\"auto\"><span class=\"NormalTextRun SCXW40796317 BCX0\">. <span class=\"TextRun Highlight SCXW168272950 BCX0\" lang=\"ES-US\" xml:lang=\"ES-US\" data-contrast=\"auto\"><span class=\"NormalTextRun SCXW168272950 BCX0\">Aseg\u00farate de\u00a0<\/span><\/span><a href=\"https:\/\/blog.turbotax.intuit.com\/tax-news\/what-the-coronavirus-covid-19-stimulus-bill-means-for-your-taxes-46623\/\"class=\"Hyperlink SCXW168272950 BCX0\"  target=\"_blank\" rel=\"noreferrer noopener\"><span class=\"TextRun Highlight SCXW168272950 BCX0\" lang=\"ES-US\" xml:lang=\"ES-US\" data-contrast=\"auto\"><span class=\"NormalTextRun SCXW168272950 BCX0\">volver a consultar\u00a0<\/span><\/span><\/a><a href=\"https:\/\/blog.turbotax.intuit.com\/es\/noticias-turbotax\/que-significa-para-ti-el-paquete-de-estimulo-del-coronavirus-2981\/\"class=\"Hyperlink SCXW168272950 BCX0\"  target=\"_blank\" rel=\"noreferrer noopener\"><span class=\"TextRun Highlight Underlined SCXW168272950 BCX0\" lang=\"ES-US\" xml:lang=\"ES-US\" data-contrast=\"none\"><span class=\"NormalTextRun SCXW168272950 BCX0\" data-ccp-charstyle=\"Hyperlink\">aqu\u00ed<\/span><\/span><\/a><span class=\"TextRun Highlight SCXW168272950 BCX0\" lang=\"ES-US\" xml:lang=\"ES-US\" data-contrast=\"auto\"><span class=\"NormalTextRun SCXW168272950 BCX0\">\u00a0para conocer la informaci\u00f3n tributaria m\u00e1s actualizada y los cambios en respuesta al COVID-19.<\/span><\/span><span class=\"EOP SCXW168272950 BCX0\" data-ccp-props=\"{&quot;201341983&quot;:0,&quot;335559740&quot;:276}\">\u00a0<\/span><\/span><\/span><\/span><\/span><\/span><\/p>\n","protected":false},"excerpt":{"rendered":"<p>Este contenido\u202faplica\u202fpara el\u00a0primer\u00a0paquete de ayuda por\u202fel coronavirus, que se convirti\u00f3 en ley en\u00a0marzo\u00a0de 2020. Para obtener informaci\u00f3n sobre el tercer paquete de ayuda por\u202fel coronavirus, visita\u202fnuestra publicaci\u00f3n\u202fen el\u202fblog\u202f\u201cPlan de\u202fRescate\u202fEstadounidense: qu\u00e9 significa para\u202fti\u202fy\u202fel\u202ftercer\u202fcheque\u202fde est\u00edmulo\u201d Sabemos que son tiempos dif\u00edciles y que, como resultado de la pandemia del COVID-19, muchos trabajadores por cuenta propia y propietarios de<\/p>\n","protected":false},"author":27243602,"featured_media":3402,"comment_status":"closed","ping_status":"open","sticky":false,"template":"","format":"standard","meta":{"rkv_browse_by_id":0,"rkv_cta_id":0,"rkv_optimize_for_pagespeed":false,"jetpack_post_was_ever_published":false,"_jetpack_newsletter_access":"","_jetpack_dont_email_post_to_subs":false,"_jetpack_newsletter_tier_id":0,"_jetpack_memberships_contains_paywalled_content":false,"useModifiedDate":false,"customPublishDate":"","rkv_show_reading_progress":false,"_jetpack_memberships_contains_paid_content":false,"footnotes":"","jetpack_publicize_message":"","jetpack_publicize_feature_enabled":true,"jetpack_social_post_already_shared":true,"jetpack_social_options":{"image_generator_settings":{"template":"highway","default_image_id":0,"font":"","enabled":false},"version":2},"_wpas_customize_per_network":false},"categories":[19],"tags":[217,48,57],"intuit_collection":[],"intuit_series":[],"tt_tax_year":[],"coauthors":[],"class_list":["post-3380","post","type-post","status-publish","format-standard","has-post-thumbnail","hentry","category-trabajo-por-cuenta-propia","tag-consejos-tributarios-para-trabajadores-por-cuenta-propia","tag-impuestos","tag-presentacion-de-impuestos"],"yoast_head":"<!-- This site is optimized with the Yoast SEO plugin v27.3 - https:\/\/yoast.com\/product\/yoast-seo-wordpress\/ -->\n<title>TurboTax lanza el Centro de Alivio para trabajadores por cuenta propia en respuesta al coronavirus | TurboTax Blog Espa\u00f1ol<\/title>\n<meta name=\"robots\" content=\"index, follow, max-snippet:-1, max-image-preview:large, max-video-preview:-1\" \/>\n<link rel=\"canonical\" href=\"https:\/\/blog.turbotax.intuit.com\/es\/trabajo-por-cuenta-propia\/turbotax-lanza-el-centro-de-alivio-para-trabajadores-por-cuenta-propia-en-respuesta-al-coronavirus-3380\/\" \/>\n<meta property=\"og:locale\" content=\"es_ES\" \/>\n<meta property=\"og:type\" content=\"article\" \/>\n<meta property=\"og:title\" content=\"TurboTax lanza el Centro de Alivio para trabajadores por cuenta propia en respuesta al coronavirus | TurboTax Blog Espa\u00f1ol\" \/>\n<meta property=\"og:description\" content=\"Este contenido\u202faplica\u202fpara el\u00a0primer\u00a0paquete de ayuda por\u202fel coronavirus, que se convirti\u00f3 en ley en\u00a0marzo\u00a0de 2020. Para obtener informaci\u00f3n sobre el tercer paquete de ayuda por\u202fel coronavirus, visita\u202fnuestra publicaci\u00f3n\u202fen el\u202fblog\u202f\u201cPlan de\u202fRescate\u202fEstadounidense: qu\u00e9 significa para\u202fti\u202fy\u202fel\u202ftercer\u202fcheque\u202fde est\u00edmulo\u201d Sabemos que son tiempos dif\u00edciles y que, como resultado de la pandemia del COVID-19, muchos trabajadores por cuenta propia y propietarios de\" \/>\n<meta property=\"og:url\" content=\"https:\/\/blog.turbotax.intuit.com\/es\/trabajo-por-cuenta-propia\/turbotax-lanza-el-centro-de-alivio-para-trabajadores-por-cuenta-propia-en-respuesta-al-coronavirus-3380\/\" \/>\n<meta property=\"og:site_name\" content=\"Blog en Espa\u00f1ol\" \/>\n<meta property=\"article:published_time\" content=\"2020-07-02T18:13:37+00:00\" \/>\n<meta property=\"article:modified_time\" content=\"2021-03-19T18:29:13+00:00\" \/>\n<meta property=\"og:image\" content=\"https:\/\/blog.turbotax.intuit.com\/es\/wp-content\/uploads\/sites\/2\/2020\/07\/TurboTax-Launches-Self-Employed-Coronavirus-Relief-Center-4-e1593713771439-1.png\" \/>\n\t<meta property=\"og:image:width\" content=\"653\" \/>\n\t<meta property=\"og:image:height\" content=\"352\" \/>\n\t<meta property=\"og:image:type\" content=\"image\/png\" \/>\n<meta name=\"author\" content=\"TurboTaxBlogTeam\" \/>\n<meta name=\"twitter:card\" content=\"summary_large_image\" \/>\n<meta name=\"twitter:label1\" content=\"Written by\" \/>\n\t<meta name=\"twitter:data1\" content=\"TurboTaxBlogTeam\" \/>\n\t<meta name=\"twitter:label2\" content=\"Est. reading time\" \/>\n\t<meta name=\"twitter:data2\" content=\"4 minutes\" \/>\n<script type=\"application\/ld+json\" class=\"yoast-schema-graph\">{\"@context\":\"https:\\\/\\\/schema.org\",\"@graph\":[{\"@type\":\"Article\",\"@id\":\"https:\\\/\\\/blog.turbotax.intuit.com\\\/es\\\/trabajo-por-cuenta-propia\\\/turbotax-lanza-el-centro-de-alivio-para-trabajadores-por-cuenta-propia-en-respuesta-al-coronavirus-3380\\\/#article\",\"isPartOf\":{\"@id\":\"https:\\\/\\\/blog.turbotax.intuit.com\\\/es\\\/trabajo-por-cuenta-propia\\\/turbotax-lanza-el-centro-de-alivio-para-trabajadores-por-cuenta-propia-en-respuesta-al-coronavirus-3380\\\/\"},\"author\":{\"name\":\"TurboTaxBlogTeam\",\"@id\":\"https:\\\/\\\/blog.turbotax.intuit.com\\\/es\\\/#\\\/schema\\\/person\\\/5797501334e0fef0f96403fd7c042065\"},\"headline\":\"TurboTax lanza el Centro de Alivio para trabajadores por cuenta propia en respuesta al coronavirus\",\"datePublished\":\"2020-07-02T18:13:37+00:00\",\"dateModified\":\"2021-03-19T18:29:13+00:00\",\"mainEntityOfPage\":{\"@id\":\"https:\\\/\\\/blog.turbotax.intuit.com\\\/es\\\/trabajo-por-cuenta-propia\\\/turbotax-lanza-el-centro-de-alivio-para-trabajadores-por-cuenta-propia-en-respuesta-al-coronavirus-3380\\\/\"},\"wordCount\":861,\"publisher\":{\"@id\":\"https:\\\/\\\/blog.turbotax.intuit.com\\\/es\\\/#organization\"},\"image\":{\"@id\":\"https:\\\/\\\/blog.turbotax.intuit.com\\\/es\\\/trabajo-por-cuenta-propia\\\/turbotax-lanza-el-centro-de-alivio-para-trabajadores-por-cuenta-propia-en-respuesta-al-coronavirus-3380\\\/#primaryimage\"},\"thumbnailUrl\":\"https:\\\/\\\/blog.turbotax.intuit.com\\\/es\\\/wp-content\\\/uploads\\\/sites\\\/2\\\/2020\\\/07\\\/TurboTax-Launches-Self-Employed-Coronavirus-Relief-Center-4-e1593713771439-1.png\",\"keywords\":[\"consejos tributarios para trabajadores por cuenta propia\",\"impuestos\",\"presentacion de impuestos\"],\"articleSection\":[\"Trabajo por Cuenta Propia\"],\"inLanguage\":\"es-ES\"},{\"@type\":\"WebPage\",\"@id\":\"https:\\\/\\\/blog.turbotax.intuit.com\\\/es\\\/trabajo-por-cuenta-propia\\\/turbotax-lanza-el-centro-de-alivio-para-trabajadores-por-cuenta-propia-en-respuesta-al-coronavirus-3380\\\/\",\"url\":\"https:\\\/\\\/blog.turbotax.intuit.com\\\/es\\\/trabajo-por-cuenta-propia\\\/turbotax-lanza-el-centro-de-alivio-para-trabajadores-por-cuenta-propia-en-respuesta-al-coronavirus-3380\\\/\",\"name\":\"TurboTax lanza el Centro de Alivio para trabajadores por cuenta propia en respuesta al coronavirus | TurboTax Blog Espa\u00f1ol\",\"isPartOf\":{\"@id\":\"https:\\\/\\\/blog.turbotax.intuit.com\\\/es\\\/#website\"},\"primaryImageOfPage\":{\"@id\":\"https:\\\/\\\/blog.turbotax.intuit.com\\\/es\\\/trabajo-por-cuenta-propia\\\/turbotax-lanza-el-centro-de-alivio-para-trabajadores-por-cuenta-propia-en-respuesta-al-coronavirus-3380\\\/#primaryimage\"},\"image\":{\"@id\":\"https:\\\/\\\/blog.turbotax.intuit.com\\\/es\\\/trabajo-por-cuenta-propia\\\/turbotax-lanza-el-centro-de-alivio-para-trabajadores-por-cuenta-propia-en-respuesta-al-coronavirus-3380\\\/#primaryimage\"},\"thumbnailUrl\":\"https:\\\/\\\/blog.turbotax.intuit.com\\\/es\\\/wp-content\\\/uploads\\\/sites\\\/2\\\/2020\\\/07\\\/TurboTax-Launches-Self-Employed-Coronavirus-Relief-Center-4-e1593713771439-1.png\",\"datePublished\":\"2020-07-02T18:13:37+00:00\",\"dateModified\":\"2021-03-19T18:29:13+00:00\",\"breadcrumb\":{\"@id\":\"https:\\\/\\\/blog.turbotax.intuit.com\\\/es\\\/trabajo-por-cuenta-propia\\\/turbotax-lanza-el-centro-de-alivio-para-trabajadores-por-cuenta-propia-en-respuesta-al-coronavirus-3380\\\/#breadcrumb\"},\"inLanguage\":\"es-ES\",\"potentialAction\":[{\"@type\":\"ReadAction\",\"target\":[\"https:\\\/\\\/blog.turbotax.intuit.com\\\/es\\\/trabajo-por-cuenta-propia\\\/turbotax-lanza-el-centro-de-alivio-para-trabajadores-por-cuenta-propia-en-respuesta-al-coronavirus-3380\\\/\"]}]},{\"@type\":\"ImageObject\",\"inLanguage\":\"es-ES\",\"@id\":\"https:\\\/\\\/blog.turbotax.intuit.com\\\/es\\\/trabajo-por-cuenta-propia\\\/turbotax-lanza-el-centro-de-alivio-para-trabajadores-por-cuenta-propia-en-respuesta-al-coronavirus-3380\\\/#primaryimage\",\"url\":\"https:\\\/\\\/blog.turbotax.intuit.com\\\/es\\\/wp-content\\\/uploads\\\/sites\\\/2\\\/2020\\\/07\\\/TurboTax-Launches-Self-Employed-Coronavirus-Relief-Center-4-e1593713771439-1.png\",\"contentUrl\":\"https:\\\/\\\/blog.turbotax.intuit.com\\\/es\\\/wp-content\\\/uploads\\\/sites\\\/2\\\/2020\\\/07\\\/TurboTax-Launches-Self-Employed-Coronavirus-Relief-Center-4-e1593713771439-1.png\",\"width\":653,\"height\":352},{\"@type\":\"BreadcrumbList\",\"@id\":\"https:\\\/\\\/blog.turbotax.intuit.com\\\/es\\\/trabajo-por-cuenta-propia\\\/turbotax-lanza-el-centro-de-alivio-para-trabajadores-por-cuenta-propia-en-respuesta-al-coronavirus-3380\\\/#breadcrumb\",\"itemListElement\":[{\"@type\":\"ListItem\",\"position\":1,\"name\":\"Home\",\"item\":\"https:\\\/\\\/blog.turbotax.intuit.com\\\/es\\\/\"},{\"@type\":\"ListItem\",\"position\":2,\"name\":\"TurboTax lanza el Centro de Alivio para trabajadores por cuenta propia en respuesta al coronavirus\"}]},{\"@type\":\"WebSite\",\"@id\":\"https:\\\/\\\/blog.turbotax.intuit.com\\\/es\\\/#website\",\"url\":\"https:\\\/\\\/blog.turbotax.intuit.com\\\/es\\\/\",\"name\":\"TurboTax Blog Espa\u00f1ol\",\"description\":\"Es todo sobre el reembolso\",\"publisher\":{\"@id\":\"https:\\\/\\\/blog.turbotax.intuit.com\\\/es\\\/#organization\"},\"potentialAction\":[{\"@type\":\"SearchAction\",\"target\":{\"@type\":\"EntryPoint\",\"urlTemplate\":\"https:\\\/\\\/blog.turbotax.intuit.com\\\/es\\\/?s={search_term_string}\"},\"query-input\":{\"@type\":\"PropertyValueSpecification\",\"valueRequired\":true,\"valueName\":\"search_term_string\"}}],\"inLanguage\":\"es-ES\"},{\"@type\":\"Organization\",\"@id\":\"https:\\\/\\\/blog.turbotax.intuit.com\\\/es\\\/#organization\",\"name\":\"TurboTax Blog Espa\u00f1ol\",\"url\":\"https:\\\/\\\/blog.turbotax.intuit.com\\\/es\\\/\",\"logo\":{\"@type\":\"ImageObject\",\"inLanguage\":\"es-ES\",\"@id\":\"https:\\\/\\\/blog.turbotax.intuit.com\\\/es\\\/#\\\/schema\\\/logo\\\/image\\\/\",\"url\":\"https:\\\/\\\/blog.turbotax.intuit.com\\\/es\\\/wp-content\\\/uploads\\\/sites\\\/2\\\/2019\\\/01\\\/tt-blog-logo-dark-2.png\",\"contentUrl\":\"https:\\\/\\\/blog.turbotax.intuit.com\\\/es\\\/wp-content\\\/uploads\\\/sites\\\/2\\\/2019\\\/01\\\/tt-blog-logo-dark-2.png\",\"width\":967,\"height\":175,\"caption\":\"TurboTax Blog Espa\u00f1ol\"},\"image\":{\"@id\":\"https:\\\/\\\/blog.turbotax.intuit.com\\\/es\\\/#\\\/schema\\\/logo\\\/image\\\/\"}},{\"@type\":\"Person\",\"@id\":\"https:\\\/\\\/blog.turbotax.intuit.com\\\/es\\\/#\\\/schema\\\/person\\\/5797501334e0fef0f96403fd7c042065\",\"name\":\"TurboTaxBlogTeam\",\"image\":{\"@type\":\"ImageObject\",\"inLanguage\":\"es-ES\",\"@id\":\"https:\\\/\\\/secure.gravatar.com\\\/avatar\\\/21f3c897d7a589cafa9bcfd92baa4d019819fb853dc81de86deb399c8ec62bf8?s=96&d=mm&r=g\",\"url\":\"https:\\\/\\\/secure.gravatar.com\\\/avatar\\\/21f3c897d7a589cafa9bcfd92baa4d019819fb853dc81de86deb399c8ec62bf8?s=96&d=mm&r=g\",\"contentUrl\":\"https:\\\/\\\/secure.gravatar.com\\\/avatar\\\/21f3c897d7a589cafa9bcfd92baa4d019819fb853dc81de86deb399c8ec62bf8?s=96&d=mm&r=g\",\"caption\":\"TurboTaxBlogTeam\"},\"url\":\"https:\\\/\\\/blog.turbotax.intuit.com\\\/es\\\/author\\\/turbotaxblogteam\\\/\"}]}<\/script>\n<!-- \/ Yoast SEO plugin. -->","yoast_head_json":{"title":"TurboTax lanza el Centro de Alivio para trabajadores por cuenta propia en respuesta al coronavirus | TurboTax Blog Espa\u00f1ol","robots":{"index":"index","follow":"follow","max-snippet":"max-snippet:-1","max-image-preview":"max-image-preview:large","max-video-preview":"max-video-preview:-1"},"canonical":"https:\/\/blog.turbotax.intuit.com\/es\/trabajo-por-cuenta-propia\/turbotax-lanza-el-centro-de-alivio-para-trabajadores-por-cuenta-propia-en-respuesta-al-coronavirus-3380\/","og_locale":"es_ES","og_type":"article","og_title":"TurboTax lanza el Centro de Alivio para trabajadores por cuenta propia en respuesta al coronavirus | TurboTax Blog Espa\u00f1ol","og_description":"Este contenido\u202faplica\u202fpara el\u00a0primer\u00a0paquete de ayuda por\u202fel coronavirus, que se convirti\u00f3 en ley en\u00a0marzo\u00a0de 2020. Para obtener informaci\u00f3n sobre el tercer paquete de ayuda por\u202fel coronavirus, visita\u202fnuestra publicaci\u00f3n\u202fen el\u202fblog\u202f\u201cPlan de\u202fRescate\u202fEstadounidense: qu\u00e9 significa para\u202fti\u202fy\u202fel\u202ftercer\u202fcheque\u202fde est\u00edmulo\u201d Sabemos que son tiempos dif\u00edciles y que, como resultado de la pandemia del COVID-19, muchos trabajadores por cuenta propia y propietarios de","og_url":"https:\/\/blog.turbotax.intuit.com\/es\/trabajo-por-cuenta-propia\/turbotax-lanza-el-centro-de-alivio-para-trabajadores-por-cuenta-propia-en-respuesta-al-coronavirus-3380\/","og_site_name":"Blog en Espa\u00f1ol","article_published_time":"2020-07-02T18:13:37+00:00","article_modified_time":"2021-03-19T18:29:13+00:00","og_image":[{"width":653,"height":352,"url":"https:\/\/blog.turbotax.intuit.com\/es\/wp-content\/uploads\/sites\/2\/2020\/07\/TurboTax-Launches-Self-Employed-Coronavirus-Relief-Center-4-e1593713771439-1.png","type":"image\/png"}],"author":"TurboTaxBlogTeam","twitter_card":"summary_large_image","twitter_misc":{"Written by":"TurboTaxBlogTeam","Est. reading time":"4 minutes"},"schema":{"@context":"https:\/\/schema.org","@graph":[{"@type":"Article","@id":"https:\/\/blog.turbotax.intuit.com\/es\/trabajo-por-cuenta-propia\/turbotax-lanza-el-centro-de-alivio-para-trabajadores-por-cuenta-propia-en-respuesta-al-coronavirus-3380\/#article","isPartOf":{"@id":"https:\/\/blog.turbotax.intuit.com\/es\/trabajo-por-cuenta-propia\/turbotax-lanza-el-centro-de-alivio-para-trabajadores-por-cuenta-propia-en-respuesta-al-coronavirus-3380\/"},"author":{"name":"TurboTaxBlogTeam","@id":"https:\/\/blog.turbotax.intuit.com\/es\/#\/schema\/person\/5797501334e0fef0f96403fd7c042065"},"headline":"TurboTax lanza el Centro de Alivio para trabajadores por cuenta propia en respuesta al coronavirus","datePublished":"2020-07-02T18:13:37+00:00","dateModified":"2021-03-19T18:29:13+00:00","mainEntityOfPage":{"@id":"https:\/\/blog.turbotax.intuit.com\/es\/trabajo-por-cuenta-propia\/turbotax-lanza-el-centro-de-alivio-para-trabajadores-por-cuenta-propia-en-respuesta-al-coronavirus-3380\/"},"wordCount":861,"publisher":{"@id":"https:\/\/blog.turbotax.intuit.com\/es\/#organization"},"image":{"@id":"https:\/\/blog.turbotax.intuit.com\/es\/trabajo-por-cuenta-propia\/turbotax-lanza-el-centro-de-alivio-para-trabajadores-por-cuenta-propia-en-respuesta-al-coronavirus-3380\/#primaryimage"},"thumbnailUrl":"https:\/\/blog.turbotax.intuit.com\/es\/wp-content\/uploads\/sites\/2\/2020\/07\/TurboTax-Launches-Self-Employed-Coronavirus-Relief-Center-4-e1593713771439-1.png","keywords":["consejos tributarios para trabajadores por cuenta propia","impuestos","presentacion de impuestos"],"articleSection":["Trabajo por Cuenta Propia"],"inLanguage":"es-ES"},{"@type":"WebPage","@id":"https:\/\/blog.turbotax.intuit.com\/es\/trabajo-por-cuenta-propia\/turbotax-lanza-el-centro-de-alivio-para-trabajadores-por-cuenta-propia-en-respuesta-al-coronavirus-3380\/","url":"https:\/\/blog.turbotax.intuit.com\/es\/trabajo-por-cuenta-propia\/turbotax-lanza-el-centro-de-alivio-para-trabajadores-por-cuenta-propia-en-respuesta-al-coronavirus-3380\/","name":"TurboTax lanza el Centro de Alivio para trabajadores por cuenta propia en respuesta al coronavirus | TurboTax Blog Espa\u00f1ol","isPartOf":{"@id":"https:\/\/blog.turbotax.intuit.com\/es\/#website"},"primaryImageOfPage":{"@id":"https:\/\/blog.turbotax.intuit.com\/es\/trabajo-por-cuenta-propia\/turbotax-lanza-el-centro-de-alivio-para-trabajadores-por-cuenta-propia-en-respuesta-al-coronavirus-3380\/#primaryimage"},"image":{"@id":"https:\/\/blog.turbotax.intuit.com\/es\/trabajo-por-cuenta-propia\/turbotax-lanza-el-centro-de-alivio-para-trabajadores-por-cuenta-propia-en-respuesta-al-coronavirus-3380\/#primaryimage"},"thumbnailUrl":"https:\/\/blog.turbotax.intuit.com\/es\/wp-content\/uploads\/sites\/2\/2020\/07\/TurboTax-Launches-Self-Employed-Coronavirus-Relief-Center-4-e1593713771439-1.png","datePublished":"2020-07-02T18:13:37+00:00","dateModified":"2021-03-19T18:29:13+00:00","breadcrumb":{"@id":"https:\/\/blog.turbotax.intuit.com\/es\/trabajo-por-cuenta-propia\/turbotax-lanza-el-centro-de-alivio-para-trabajadores-por-cuenta-propia-en-respuesta-al-coronavirus-3380\/#breadcrumb"},"inLanguage":"es-ES","potentialAction":[{"@type":"ReadAction","target":["https:\/\/blog.turbotax.intuit.com\/es\/trabajo-por-cuenta-propia\/turbotax-lanza-el-centro-de-alivio-para-trabajadores-por-cuenta-propia-en-respuesta-al-coronavirus-3380\/"]}]},{"@type":"ImageObject","inLanguage":"es-ES","@id":"https:\/\/blog.turbotax.intuit.com\/es\/trabajo-por-cuenta-propia\/turbotax-lanza-el-centro-de-alivio-para-trabajadores-por-cuenta-propia-en-respuesta-al-coronavirus-3380\/#primaryimage","url":"https:\/\/blog.turbotax.intuit.com\/es\/wp-content\/uploads\/sites\/2\/2020\/07\/TurboTax-Launches-Self-Employed-Coronavirus-Relief-Center-4-e1593713771439-1.png","contentUrl":"https:\/\/blog.turbotax.intuit.com\/es\/wp-content\/uploads\/sites\/2\/2020\/07\/TurboTax-Launches-Self-Employed-Coronavirus-Relief-Center-4-e1593713771439-1.png","width":653,"height":352},{"@type":"BreadcrumbList","@id":"https:\/\/blog.turbotax.intuit.com\/es\/trabajo-por-cuenta-propia\/turbotax-lanza-el-centro-de-alivio-para-trabajadores-por-cuenta-propia-en-respuesta-al-coronavirus-3380\/#breadcrumb","itemListElement":[{"@type":"ListItem","position":1,"name":"Home","item":"https:\/\/blog.turbotax.intuit.com\/es\/"},{"@type":"ListItem","position":2,"name":"TurboTax lanza el Centro de Alivio para trabajadores por cuenta propia en respuesta al coronavirus"}]},{"@type":"WebSite","@id":"https:\/\/blog.turbotax.intuit.com\/es\/#website","url":"https:\/\/blog.turbotax.intuit.com\/es\/","name":"TurboTax Blog Espa\u00f1ol","description":"Es todo sobre el reembolso","publisher":{"@id":"https:\/\/blog.turbotax.intuit.com\/es\/#organization"},"potentialAction":[{"@type":"SearchAction","target":{"@type":"EntryPoint","urlTemplate":"https:\/\/blog.turbotax.intuit.com\/es\/?s={search_term_string}"},"query-input":{"@type":"PropertyValueSpecification","valueRequired":true,"valueName":"search_term_string"}}],"inLanguage":"es-ES"},{"@type":"Organization","@id":"https:\/\/blog.turbotax.intuit.com\/es\/#organization","name":"TurboTax Blog Espa\u00f1ol","url":"https:\/\/blog.turbotax.intuit.com\/es\/","logo":{"@type":"ImageObject","inLanguage":"es-ES","@id":"https:\/\/blog.turbotax.intuit.com\/es\/#\/schema\/logo\/image\/","url":"https:\/\/blog.turbotax.intuit.com\/es\/wp-content\/uploads\/sites\/2\/2019\/01\/tt-blog-logo-dark-2.png","contentUrl":"https:\/\/blog.turbotax.intuit.com\/es\/wp-content\/uploads\/sites\/2\/2019\/01\/tt-blog-logo-dark-2.png","width":967,"height":175,"caption":"TurboTax Blog Espa\u00f1ol"},"image":{"@id":"https:\/\/blog.turbotax.intuit.com\/es\/#\/schema\/logo\/image\/"}},{"@type":"Person","@id":"https:\/\/blog.turbotax.intuit.com\/es\/#\/schema\/person\/5797501334e0fef0f96403fd7c042065","name":"TurboTaxBlogTeam","image":{"@type":"ImageObject","inLanguage":"es-ES","@id":"https:\/\/secure.gravatar.com\/avatar\/21f3c897d7a589cafa9bcfd92baa4d019819fb853dc81de86deb399c8ec62bf8?s=96&d=mm&r=g","url":"https:\/\/secure.gravatar.com\/avatar\/21f3c897d7a589cafa9bcfd92baa4d019819fb853dc81de86deb399c8ec62bf8?s=96&d=mm&r=g","contentUrl":"https:\/\/secure.gravatar.com\/avatar\/21f3c897d7a589cafa9bcfd92baa4d019819fb853dc81de86deb399c8ec62bf8?s=96&d=mm&r=g","caption":"TurboTaxBlogTeam"},"url":"https:\/\/blog.turbotax.intuit.com\/es\/author\/turbotaxblogteam\/"}]}},"header_image":"","jetpack_publicize_connections":[],"jetpack_featured_media_url":"https:\/\/blog.turbotax.intuit.com\/es\/wp-content\/uploads\/sites\/2\/2020\/07\/TurboTax-Launches-Self-Employed-Coronavirus-Relief-Center-4-e1593713771439-1.png","jetpack_sharing_enabled":true,"jetpack_shortlink":"https:\/\/wp.me\/pdHEVC-Sw","intuit_reading_minutes":4,"_links":{"self":[{"href":"https:\/\/blog.turbotax.intuit.com\/es\/wp-json\/wp\/v2\/posts\/3380","targetHints":{"allow":["GET"]}}],"collection":[{"href":"https:\/\/blog.turbotax.intuit.com\/es\/wp-json\/wp\/v2\/posts"}],"about":[{"href":"https:\/\/blog.turbotax.intuit.com\/es\/wp-json\/wp\/v2\/types\/post"}],"author":[{"embeddable":true,"href":"https:\/\/blog.turbotax.intuit.com\/es\/wp-json\/wp\/v2\/users\/27243602"}],"replies":[{"embeddable":true,"href":"https:\/\/blog.turbotax.intuit.com\/es\/wp-json\/wp\/v2\/comments?post=3380"}],"version-history":[{"count":6,"href":"https:\/\/blog.turbotax.intuit.com\/es\/wp-json\/wp\/v2\/posts\/3380\/revisions"}],"predecessor-version":[{"id":4339,"href":"https:\/\/blog.turbotax.intuit.com\/es\/wp-json\/wp\/v2\/posts\/3380\/revisions\/4339"}],"wp:featuredmedia":[{"embeddable":true,"href":"https:\/\/blog.turbotax.intuit.com\/es\/wp-json\/wp\/v2\/media\/3402"}],"wp:attachment":[{"href":"https:\/\/blog.turbotax.intuit.com\/es\/wp-json\/wp\/v2\/media?parent=3380"}],"wp:term":[{"taxonomy":"category","embeddable":true,"href":"https:\/\/blog.turbotax.intuit.com\/es\/wp-json\/wp\/v2\/categories?post=3380"},{"taxonomy":"post_tag","embeddable":true,"href":"https:\/\/blog.turbotax.intuit.com\/es\/wp-json\/wp\/v2\/tags?post=3380"},{"taxonomy":"intuit_collection","embeddable":true,"href":"https:\/\/blog.turbotax.intuit.com\/es\/wp-json\/wp\/v2\/intuit_collection?post=3380"},{"taxonomy":"intuit_series","embeddable":true,"href":"https:\/\/blog.turbotax.intuit.com\/es\/wp-json\/wp\/v2\/intuit_series?post=3380"},{"taxonomy":"tt_tax_year","embeddable":true,"href":"https:\/\/blog.turbotax.intuit.com\/es\/wp-json\/wp\/v2\/tt_tax_year?post=3380"},{"taxonomy":"author","embeddable":true,"href":"https:\/\/blog.turbotax.intuit.com\/es\/wp-json\/wp\/v2\/coauthors?post=3380"}],"curies":[{"name":"wp","href":"https:\/\/api.w.org\/{rel}","templated":true}]}}