{"id":3077,"date":"2020-04-13T09:53:43","date_gmt":"2020-04-13T16:53:43","guid":{"rendered":"https:\/\/blog.turbotax.intuit.com\/es\/?p=3077"},"modified":"2020-12-27T20:45:21","modified_gmt":"2020-12-28T04:45:21","slug":"como-el-alivio-del-coronavirus-covid-19-y-la-extension-de-la-fecha-limite-para-hacer-los-impuestos-afectan-mis-pagos-de-impuestos","status":"publish","type":"post","link":"https:\/\/blog.turbotax.intuit.com\/es\/noticias-turbotax\/como-el-alivio-del-coronavirus-covid-19-y-la-extension-de-la-fecha-limite-para-hacer-los-impuestos-afectan-mis-pagos-de-impuestos-3077\/","title":{"rendered":"\u00bfC\u00f3mo el alivio del Coronavirus (COVID-19) y la extensi\u00f3n de la fecha l\u00edmite para hacer los impuestos afectan mis pagos de impuestos?"},"content":{"rendered":"<p><em>Este contenido es acerca del primer paquete de est\u00edmulo y alivio econ\u00f3mico, Ley de Ayuda, Alivio y Seguridad Econ\u00f3mica por Coronavirus (CARES), que se firm\u00f3 en marzo del 2020. <\/em><em>Para obtener informaci\u00f3n sobre los detalles del segundo paquete de est\u00edmulo que fue firmado el 27 de diciembre de 2020, Ley de Asignaciones Suplementarias de Respuesta y Socorro contra el Coronavirus del 2021, visita el blog &#8220;<a href=\"https:\/\/blog.turbotax.intuit.com\/es\/novedades-tributarias\/el-nuevo-paquete-de-ayuda-para-el-coronavirus-ha-sido-aprobado-que-significa-para-ti-un-segundo-cheque-de-estimulo-3864\/\">E<\/a><a href=\"https:\/\/blog.turbotax.intuit.com\/es\/novedades-tributarias\/el-nuevo-paquete-de-ayuda-para-el-coronavirus-ha-sido-aprobado-que-significa-para-ti-un-segundo-cheque-de-estimulo-3864\/\">l nuevo paquete de ayuda para el Coronavirus ha sido aprobado: \u00bfQu\u00e9 significa para ti un segundo cheque de est\u00edmulo?&#8221;<\/a><\/em><\/p>\n<p><span data-contrast=\"none\">En respuesta al\u00a0<\/span><span data-contrast=\"none\">C<\/span><span data-contrast=\"none\">oronavirus<\/span><span data-contrast=\"none\">\u00a0<\/span><span data-contrast=\"none\">(COVID-19), el Departamento del Tesoro y el IRS han\u202f<\/span><a href=\"https:\/\/www.irs.gov\/es\/coronavirus\" target=\"_blank\"><span data-contrast=\"none\">anunciado<\/span><\/a><span data-contrast=\"none\">\u202fvarios cambios en esta temporada de impuestos, incluyendo\u202f<\/span><span data-contrast=\"none\">la extensi\u00f3n de la fecha l\u00edmite para la presentaci\u00f3n de impuestos federales al 15 de julio del 2020<\/span><span data-contrast=\"none\">, incluyendo una extensi\u00f3n para pagar<\/span><span data-contrast=\"none\">.<\/span><b><span data-contrast=\"none\">\u202f<\/span><\/b><span data-contrast=\"none\">\u00a0<\/span><span data-ccp-props=\"{&quot;201341983&quot;:0,&quot;335559739&quot;:210,&quot;335559740&quot;:240}\" data-wac-het=\"1\">\u00a0<\/span><\/p>\n<p><span data-contrast=\"none\">El Departamento del Tesoro y el IRS tambi\u00e9n anunciaron recientemente\u202f<\/span><span data-contrast=\"none\">que los contribuyentes pueden diferir los pagos de impuesto<\/span><span data-contrast=\"none\">s<\/span><span data-contrast=\"none\">\u00a0federal<\/span><span data-contrast=\"none\">es<\/span><span data-contrast=\"none\">\u00a0del a\u00f1o fiscal 2019 que vencen el 15 de abril de 2020 al 15 de julio de 2020, sin multas ni intereses, independientemente de la cantidad adeudada. Este aplazamiento tambi\u00e9n se aplica al pago de impuestos estimados del primer y segundo trimestre del a\u00f1o fiscal 2020 que vence<\/span><span data-contrast=\"none\">n<\/span><span data-contrast=\"none\">\u00a0el 15 de abril y el 15 de junio.<\/span><span data-ccp-props=\"{&quot;201341983&quot;:0,&quot;335559739&quot;:210,&quot;335559740&quot;:240}\" data-wac-het=\"1\">\u00a0<\/span><\/p>\n<p><span data-contrast=\"none\">El aplazamiento de los pagos de impuestos federales significa\u00a0<\/span><span data-contrast=\"none\">que,<\/span><span data-contrast=\"none\">\u00a0si debe<\/span><span data-contrast=\"none\">s<\/span><span data-contrast=\"none\">\u00a0dinero en\u00a0<\/span><span data-contrast=\"none\">t<\/span><span data-contrast=\"none\">us impuestos federales, tendr\u00e1<\/span><span data-contrast=\"none\">s<\/span><span data-contrast=\"none\">\u00a0m\u00e1s tiempo para pagar lo que debe<\/span><span data-contrast=\"none\">s<\/span><span data-contrast=\"none\">. No necesita<\/span><span data-contrast=\"none\">s<\/span><span data-contrast=\"none\">\u00a0presentar ning\u00fan formulario adicional ni llamar al IRS para calificar para esta presentaci\u00f3n autom\u00e1tica de impuestos federales y alivio de pago. A continuaci\u00f3n, resumimos lo que esta extensi\u00f3n de la fecha l\u00edmite significa\u00a0<\/span><span data-contrast=\"none\">espec\u00edficamente<\/span><span data-contrast=\"none\">\u00a0<\/span><span data-contrast=\"none\">para los pagos de impuestos.<\/span><span data-ccp-props=\"{&quot;201341983&quot;:0,&quot;335559739&quot;:210,&quot;335559740&quot;:240}\" data-wac-het=\"1\">\u00a0<\/span><\/p>\n<p><b><span data-contrast=\"none\">\u00bfQui\u00e9n es elegible para el aplazamiento del pago?<\/span><\/b><span data-ccp-props=\"{&quot;201341983&quot;:0,&quot;335559739&quot;:210,&quot;335559740&quot;:240}\" data-wac-het=\"1\">\u00a0<\/span><\/p>\n<p><span data-contrast=\"none\">Todos los contribuyentes, incluidos individuos, fideicomisos y patrimonios, corporaciones y otros contribuyentes no corporativos, as\u00ed como aquellos que pagan impuestos de trabajo por cuenta propia, son elegibles para la fecha l\u00edmite de pagos extendidos.<\/span><span data-ccp-props=\"{&quot;201341983&quot;:0,&quot;335559739&quot;:210,&quot;335559740&quot;:240}\" data-wac-het=\"1\">\u00a0<\/span><\/p>\n<p><b><span data-contrast=\"none\">\u00bfRecibir\u00e9 multas o intereses si pago despu\u00e9s del 15 de abril?<\/span><\/b><span data-ccp-props=\"{&quot;201341983&quot;:0,&quot;335559739&quot;:210,&quot;335559740&quot;:240}\" data-wac-het=\"1\">\u00a0<\/span><\/p>\n<p><span data-contrast=\"none\">No recibir\u00e1<\/span><span data-contrast=\"none\">s<\/span><span data-contrast=\"none\">\u00a0multas ni intereses<\/span><span data-contrast=\"none\">\u00a0por parte del\u00a0<\/span><span data-contrast=\"none\">IRS, siempre y cuando pague<\/span><span data-contrast=\"none\">s<\/span><span data-contrast=\"none\">\u00a0sus impuestos federales antes del 15 de julio de 2020. Los intereses y multas comenzar\u00e1n a cobrarse despu\u00e9s del 15 de julio.<\/span><span data-ccp-props=\"{&quot;201341983&quot;:0,&quot;335559739&quot;:210,&quot;335559740&quot;:240}\" data-wac-het=\"1\">\u00a0<\/span><\/p>\n<p><span data-contrast=\"none\">Es importante tener en cuenta que los plazos de presentaci\u00f3n o pago<\/span><span data-contrast=\"none\">s<\/span><span data-contrast=\"none\">\u00a0de impuestos de\u00a0<\/span><span data-contrast=\"none\">t<\/span><span data-contrast=\"none\">u estado pueden ser diferentes. Haw\u00e1i, Idaho, Iowa, Mississippi y Virginia tienen plazos de presentaci\u00f3n y pago<\/span><span data-contrast=\"none\">s<\/span><span data-contrast=\"none\">\u00a0de impuestos diferentes. Adem\u00e1s, Carolina del Norte y Virginia han extendido los plazos de presentaci\u00f3n y pago<\/span><span data-contrast=\"none\">s<\/span><span data-contrast=\"none\">\u00a0de impuestos, pero cobrar\u00e1n intereses sobre los impuestos adeudados pagados despu\u00e9s del 15 de abril de 2020. Ha<\/span><span data-contrast=\"none\">z<\/span><span data-contrast=\"none\">\u00a0clic\u00a0<\/span><a href=\"https:\/\/blog.turbotax.intuit.com\/es\/noticias-turbotax\/se-va-a-retrasar-la-fecha-limite-para-declarar-impuestos-lo-que-necesitas-saber-acerca-del-coronavirus-covid-19-y-tus-impuestos-2810\/\"><span data-contrast=\"none\">aqu\u00ed<\/span><\/a><span data-contrast=\"none\">\u00a0para obtener la informaci\u00f3n m\u00e1s reciente sobre los cambios de fecha l\u00edmite por estado.<\/span><span data-ccp-props=\"{&quot;201341983&quot;:0,&quot;335559739&quot;:210,&quot;335559740&quot;:240}\" data-wac-het=\"1\">\u00a0<\/span><\/p>\n<p><b><span data-contrast=\"none\">\u00bfC\u00f3mo reprogramo mi pago al 15 de julio de 2020?<\/span><\/b><span data-ccp-props=\"{&quot;201341983&quot;:0,&quot;335559739&quot;:210,&quot;335559740&quot;:240}\" data-wac-het=\"1\">\u00a0<\/span><\/p>\n<ul>\n<li><span data-contrast=\"none\">Si program<\/span><span data-contrast=\"none\">aste<\/span><span data-contrast=\"none\">\u00a0un pago a trav\u00e9s de IRS Direct\u00a0<\/span><span data-contrast=\"none\">Pay<\/span><span data-contrast=\"none\">, puede<\/span><span data-contrast=\"none\">s<\/span><span data-contrast=\"none\">\u00a0usar\u00a0<\/span><span data-contrast=\"none\">t<\/span><span data-contrast=\"none\">u n\u00famero de confirmaci\u00f3n del pago para acceder a la funci\u00f3n\u00a0<\/span><span data-contrast=\"none\">\u201c<\/span><span data-contrast=\"none\">Look<\/span><span data-contrast=\"none\">\u00a0Up a Payment<\/span><span data-contrast=\"none\">\u00a0<\/span><span data-contrast=\"none\">(<\/span><span data-contrast=\"none\">Buscar un\u00a0<\/span><span data-contrast=\"none\">P<\/span><span data-contrast=\"none\">ago<\/span><span data-contrast=\"none\">)<\/span><span data-contrast=\"none\">\u201d<\/span><span data-contrast=\"none\">. Puede<\/span><span data-contrast=\"none\">s<\/span><span data-contrast=\"none\">\u00a0modificar o cancelar un pago programado hasta dos d\u00edas h\u00e1biles antes de la fecha de pago. La notificaci\u00f3n por correo electr\u00f3nico que recibi<\/span><span data-contrast=\"none\">ste<\/span><span data-contrast=\"none\">\u00a0cuando program<\/span><span data-contrast=\"none\">aste<\/span><span data-contrast=\"none\">\u00a0el pago tendr\u00e1 el n\u00famero de confirmaci\u00f3n.<\/span><span data-ccp-props=\"{&quot;201341983&quot;:0,&quot;335559739&quot;:210,&quot;335559740&quot;:240}\" data-wac-het=\"1\">\u00a0<\/span><\/li>\n<li><span data-contrast=\"none\">Si progra<\/span><span data-contrast=\"none\">maste<\/span><span data-contrast=\"none\">\u00a0un pago a trav\u00e9s del Sistema\u00a0<\/span><span data-contrast=\"none\">E<\/span><span data-contrast=\"none\">lectr\u00f3nico de\u00a0<\/span><span data-contrast=\"none\">P<\/span><span data-contrast=\"none\">ago de\u00a0<\/span><span data-contrast=\"none\">I<\/span><span data-contrast=\"none\">mpuestos\u00a0<\/span><span data-contrast=\"none\">F<\/span><span data-contrast=\"none\">ederales (EFTPS<\/span><span data-contrast=\"none\">, por sus siglas en ingl\u00e9s<\/span><span data-contrast=\"none\">), ha<\/span><span data-contrast=\"none\">z<\/span><span data-contrast=\"none\">\u00a0clic en\u00a0<\/span><span data-contrast=\"none\">\u201c<\/span><span data-contrast=\"none\">Payments<\/span><span data-contrast=\"none\">\u00a0(<\/span><span data-contrast=\"none\">Pagos<\/span><span data-contrast=\"none\">)<\/span><span data-contrast=\"none\">\u201d<\/span><span data-contrast=\"none\">\u00a0desde la p\u00e1gina de inicio de EFTPS, inici<\/span><span data-contrast=\"none\">a<\/span><span data-contrast=\"none\">\u00a0sesi\u00f3n, luego ha<\/span><span data-contrast=\"none\">z<\/span><span data-contrast=\"none\">\u00a0clic en\u00a0<\/span><span data-contrast=\"none\">\u201c<\/span><span data-contrast=\"none\">Cancel (<\/span><span data-contrast=\"none\">Cancelar<\/span><span data-contrast=\"none\">)<\/span><span data-contrast=\"none\">\u201d<\/span><span data-contrast=\"none\">\u00a0un pago de impuestos en el men\u00fa de la izquierda y sig<\/span><span data-contrast=\"none\">ue<\/span><span data-contrast=\"none\">\u00a0las instrucciones. Debe<\/span><span data-contrast=\"none\">s<\/span><span data-contrast=\"none\">\u00a0hacerlo al menos dos d\u00edas h\u00e1biles antes de la fecha de pago programada.<\/span><span data-ccp-props=\"{&quot;201341983&quot;:0,&quot;335559739&quot;:210,&quot;335559740&quot;:240}\" data-wac-het=\"1\">\u00a0<\/span><\/li>\n<li><span data-contrast=\"none\">Si program<\/span><span data-contrast=\"none\">aste<\/span><span data-contrast=\"none\">\u00a0un pago como parte de la presentaci\u00f3n de\u00a0<\/span><span data-contrast=\"none\">t<\/span><span data-contrast=\"none\">u declaraci\u00f3n de impuestos (autorizando un retiro electr\u00f3nico de fondos), puede<\/span><span data-contrast=\"none\">s<\/span><span data-contrast=\"none\">\u00a0revocar (cancelar)\u00a0<\/span><span data-contrast=\"none\">t<\/span><span data-contrast=\"none\">u pago comunic\u00e1ndo<\/span><span data-contrast=\"none\">t<\/span><span data-contrast=\"none\">e con el\u00a0<\/span><span data-contrast=\"none\">U.S. Treasury Financial Agent\u202f<\/span><span data-contrast=\"none\">(<\/span><span data-contrast=\"none\">Agente Financiero del Tesoro de EE. UU.<\/span><span data-contrast=\"none\">)<\/span><span data-contrast=\"none\">\u00a0<\/span><span data-contrast=\"none\">a<\/span><span data-contrast=\"none\">l 888-353-4537. Debe<\/span><span data-contrast=\"none\">s<\/span><span data-contrast=\"none\">\u00a0llamar para realizar una solicitud de cancelaci\u00f3n de pago a m\u00e1s tardar a las 11:59 p.m. ET dos d\u00edas h\u00e1biles antes de la fecha de pago programada.<\/span><span data-ccp-props=\"{&quot;201341983&quot;:0,&quot;335559739&quot;:210,&quot;335559740&quot;:240}\" data-wac-het=\"1\">\u00a0<\/span><\/li>\n<li><span data-contrast=\"none\">Si program<\/span><span data-contrast=\"none\">aste<\/span><span data-contrast=\"none\">\u00a0un pago con tarjeta de cr\u00e9dito o d\u00e9bito, comun\u00ed<\/span><span data-contrast=\"none\">cat<\/span><span data-contrast=\"none\">e con el procesador de la tarjeta para cancelar el pago con tarjeta.<\/span><span data-ccp-props=\"{&quot;201341983&quot;:0,&quot;335559739&quot;:210,&quot;335559740&quot;:240}\" data-wac-het=\"1\">\u00a0<\/span><\/li>\n<\/ul>\n<p><b><span data-contrast=\"none\">\u00bfQu\u00e9 significa esto para los pagos de impuestos estimados trimestrales por cuenta propia?<\/span><\/b><span data-ccp-props=\"{&quot;201341983&quot;:0,&quot;335559739&quot;:210,&quot;335559740&quot;:240}\" data-wac-het=\"1\">\u00a0<\/span><\/p>\n<p><span data-contrast=\"none\">La fecha l\u00edmite para el pago estimado del primer y segundo trimestre de 2020 se extendi\u00f3 hasta el 15 de julio de 2020.<\/span><span data-ccp-props=\"{&quot;201341983&quot;:0,&quot;335559739&quot;:210,&quot;335559740&quot;:240}\" data-wac-het=\"1\">\u00a0<\/span><\/p>\n<p>Los trabajadores independientes pueden visitar nuestro <a href=\"https:\/\/blog.turbotax.intuit.com\/es\/trabajo-por-cuenta-propia-centro-de-alivio-al-coronavirus\/\">Centro de alivio para trabajadores por cuenta propia en respuesta al Coronavirus<\/a> para obtener informaci\u00f3n actualizada, asesoramiento sobre impuestos y herramientas que les ayudar\u00e1n a comprender el alivio econ\u00f3mico y lo que significa para ellos.<\/p>\n<p><b><span data-contrast=\"none\">\u00bfTengo que esperar para presenta<\/span><\/b><b><span data-contrast=\"none\">r mi declaraci\u00f3n<\/span><\/b><b><span data-contrast=\"none\">\u00a0si no quiero pagar hasta el 15 de julio?<\/span><\/b><span data-ccp-props=\"{&quot;201341983&quot;:0,&quot;335559739&quot;:210,&quot;335559740&quot;:240}\" data-wac-het=\"1\">\u00a0<\/span><\/p>\n<p><span data-contrast=\"none\">No, puede<\/span><span data-contrast=\"none\">s<\/span><span data-contrast=\"none\">\u00a0presentar\u00a0<\/span><span data-contrast=\"none\">t<\/span><span data-contrast=\"none\">us impuestos ahora y programar\u00a0<\/span><span data-contrast=\"none\">t<\/span><span data-contrast=\"none\">u pago para cualquier fecha hasta el 15 de julio.<\/span><span data-ccp-props=\"{&quot;201341983&quot;:0,&quot;335559739&quot;:210,&quot;335559740&quot;:240}\" data-wac-het=\"1\">\u00a0<\/span><\/p>\n<p><b><span data-contrast=\"none\">TurboTax te tiene cubierto<\/span><\/b><span data-ccp-props=\"{&quot;134233117&quot;:true,&quot;134233118&quot;:true,&quot;201341983&quot;:0,&quot;335559739&quot;:150,&quot;335559740&quot;:240}\" data-wac-het=\"1\">\u00a0<\/span><\/p>\n<p><span data-contrast=\"none\">Puedes estar seguro de que\u202f<\/span><a href=\"https:\/\/turbotax.intuit.com\/personal-taxes\/en-espanol\/\"><span data-contrast=\"none\">TurboTax<\/span><\/a><span data-contrast=\"none\">\u202fte ayuda a mantenerte informado\u00a0<\/span><span data-contrast=\"none\">de acuerdo con\u00a0<\/span><span data-contrast=\"none\">nueva legislaci\u00f3n y cambios en la presentaci\u00f3n de impuestos y anuncios en respuesta al Coronavirus (COVID-19<\/span><span data-contrast=\"none\">). Si tienes preguntas al momento de hacer tus impuestos, puedes conectarte mediante una videollamada unidireccional desde la comodidad de tu casa con un<\/span><span data-contrast=\"none\"> contador p\u00fablico autorizado (CPA) <\/span><span data-contrast=\"none\">o<\/span><span data-contrast=\"none\"> agente registrado de\u202f<\/span><a href=\"https:\/\/turbotax.intuit.com\/personal-taxes\/online\/live\/\"><span data-contrast=\"none\">TurboTax Experts<\/span><\/a><span data-contrast=\"none\">\u202f<\/span><span data-contrast=\"none\">con un promedio de 15 a\u00f1os de experiencia que puede ayudarte a resolver tus preguntas sobre impuestos. Los<\/span><span data-contrast=\"none\"> c<\/span><span data-contrast=\"none\">ontador<\/span><span data-contrast=\"none\">es<\/span><span data-contrast=\"none\"> p\u00fablico<\/span><span data-contrast=\"none\">s<\/span><span data-contrast=\"none\"> autorizado<\/span><span data-contrast=\"none\">s<\/span><span data-contrast=\"none\">\u00a0<\/span><span data-contrast=\"none\">o<\/span><span data-contrast=\"none\"> agentes registrados de\u202f<\/span><span data-contrast=\"none\">TurboTax Experts<\/span><span data-contrast=\"none\">\u00a0est\u00e1n disponibles en ingl\u00e9s o espa\u00f1ol todo el a\u00f1o, y pueden revisar, firmar y presentar tu declaraci\u00f3n de impuestos.\u00a0<\/span><span data-ccp-props=\"{&quot;134233117&quot;:true,&quot;134233118&quot;:true,&quot;201341983&quot;:0,&quot;335559739&quot;:150,&quot;335559740&quot;:240}\" data-wac-het=\"1\">\u00a0<\/span><\/p>\n","protected":false},"excerpt":{"rendered":"<p>Este contenido es acerca del primer paquete de est\u00edmulo y alivio econ\u00f3mico, Ley de Ayuda, Alivio y Seguridad Econ\u00f3mica por Coronavirus (CARES), que se firm\u00f3 en marzo del 2020. Para obtener informaci\u00f3n sobre los detalles del segundo paquete de est\u00edmulo que fue firmado el 27 de diciembre de 2020, Ley de Asignaciones Suplementarias de Respuesta<\/p>\n","protected":false},"author":27243602,"featured_media":3078,"comment_status":"closed","ping_status":"open","sticky":false,"template":"","format":"standard","meta":{"rkv_browse_by_id":0,"rkv_cta_id":0,"rkv_optimize_for_pagespeed":false,"jetpack_post_was_ever_published":false,"_jetpack_newsletter_access":"","_jetpack_dont_email_post_to_subs":false,"_jetpack_newsletter_tier_id":0,"_jetpack_memberships_contains_paywalled_content":false,"useModifiedDate":false,"customPublishDate":"","rkv_show_reading_progress":false,"_jetpack_memberships_contains_paid_content":false,"footnotes":"","jetpack_publicize_message":"","jetpack_publicize_feature_enabled":true,"jetpack_social_post_already_shared":true,"jetpack_social_options":{"image_generator_settings":{"template":"highway","default_image_id":0,"font":"","enabled":false},"version":2},"_wpas_customize_per_network":false},"categories":[93],"tags":[48,34,281],"intuit_collection":[],"intuit_series":[],"tt_tax_year":[],"coauthors":[],"class_list":["post-3077","post","type-post","status-publish","format-standard","has-post-thumbnail","hentry","category-noticias-turbotax","tag-impuestos","tag-irs","tag-pago-de-impuestos"],"yoast_head":"<!-- This site is optimized with the Yoast SEO plugin v27.3 - https:\/\/yoast.com\/product\/yoast-seo-wordpress\/ -->\n<title>\u00bfC\u00f3mo el alivio del Coronavirus (COVID-19) y la extensi\u00f3n de la fecha l\u00edmite para hacer los impuestos afectan mis pagos de impuestos? | TurboTax Blog Espa\u00f1ol<\/title>\n<meta name=\"robots\" content=\"index, follow, max-snippet:-1, max-image-preview:large, max-video-preview:-1\" \/>\n<link rel=\"canonical\" href=\"https:\/\/blog.turbotax.intuit.com\/es\/noticias-turbotax\/como-el-alivio-del-coronavirus-covid-19-y-la-extension-de-la-fecha-limite-para-hacer-los-impuestos-afectan-mis-pagos-de-impuestos-3077\/\" \/>\n<meta property=\"og:locale\" content=\"es_ES\" \/>\n<meta property=\"og:type\" content=\"article\" \/>\n<meta property=\"og:title\" content=\"\u00bfC\u00f3mo el alivio del Coronavirus (COVID-19) y la extensi\u00f3n de la fecha l\u00edmite para hacer los impuestos afectan mis pagos de impuestos? | TurboTax Blog Espa\u00f1ol\" \/>\n<meta property=\"og:description\" content=\"Este contenido es acerca del primer paquete de est\u00edmulo y alivio econ\u00f3mico, Ley de Ayuda, Alivio y Seguridad Econ\u00f3mica por Coronavirus (CARES), que se firm\u00f3 en marzo del 2020. Para obtener informaci\u00f3n sobre los detalles del segundo paquete de est\u00edmulo que fue firmado el 27 de diciembre de 2020, Ley de Asignaciones Suplementarias de Respuesta\" \/>\n<meta property=\"og:url\" content=\"https:\/\/blog.turbotax.intuit.com\/es\/noticias-turbotax\/como-el-alivio-del-coronavirus-covid-19-y-la-extension-de-la-fecha-limite-para-hacer-los-impuestos-afectan-mis-pagos-de-impuestos-3077\/\" \/>\n<meta property=\"og:site_name\" content=\"Blog en Espa\u00f1ol\" \/>\n<meta property=\"article:published_time\" content=\"2020-04-13T16:53:43+00:00\" \/>\n<meta property=\"article:modified_time\" content=\"2020-12-28T04:45:21+00:00\" \/>\n<meta property=\"og:image\" content=\"https:\/\/blog.turbotax.intuit.com\/es\/wp-content\/uploads\/sites\/2\/2020\/04\/tax-filing-deadline-for-tax-payments-1.jpg\" \/>\n\t<meta property=\"og:image:width\" content=\"1733\" \/>\n\t<meta property=\"og:image:height\" content=\"1155\" \/>\n\t<meta property=\"og:image:type\" content=\"image\/jpeg\" \/>\n<meta name=\"author\" content=\"TurboTaxBlogTeam\" \/>\n<meta name=\"twitter:card\" content=\"summary_large_image\" \/>\n<meta name=\"twitter:label1\" content=\"Written by\" \/>\n\t<meta name=\"twitter:data1\" content=\"TurboTaxBlogTeam\" \/>\n\t<meta name=\"twitter:label2\" content=\"Est. reading time\" \/>\n\t<meta name=\"twitter:data2\" content=\"5 minutes\" \/>\n<script type=\"application\/ld+json\" class=\"yoast-schema-graph\">{\"@context\":\"https:\\\/\\\/schema.org\",\"@graph\":[{\"@type\":\"Article\",\"@id\":\"https:\\\/\\\/blog.turbotax.intuit.com\\\/es\\\/noticias-turbotax\\\/como-el-alivio-del-coronavirus-covid-19-y-la-extension-de-la-fecha-limite-para-hacer-los-impuestos-afectan-mis-pagos-de-impuestos-3077\\\/#article\",\"isPartOf\":{\"@id\":\"https:\\\/\\\/blog.turbotax.intuit.com\\\/es\\\/noticias-turbotax\\\/como-el-alivio-del-coronavirus-covid-19-y-la-extension-de-la-fecha-limite-para-hacer-los-impuestos-afectan-mis-pagos-de-impuestos-3077\\\/\"},\"author\":{\"name\":\"TurboTaxBlogTeam\",\"@id\":\"https:\\\/\\\/blog.turbotax.intuit.com\\\/es\\\/#\\\/schema\\\/person\\\/5797501334e0fef0f96403fd7c042065\"},\"headline\":\"\u00bfC\u00f3mo el alivio del Coronavirus (COVID-19) y la extensi\u00f3n de la fecha l\u00edmite para hacer los impuestos afectan mis pagos de impuestos?\",\"datePublished\":\"2020-04-13T16:53:43+00:00\",\"dateModified\":\"2020-12-28T04:45:21+00:00\",\"mainEntityOfPage\":{\"@id\":\"https:\\\/\\\/blog.turbotax.intuit.com\\\/es\\\/noticias-turbotax\\\/como-el-alivio-del-coronavirus-covid-19-y-la-extension-de-la-fecha-limite-para-hacer-los-impuestos-afectan-mis-pagos-de-impuestos-3077\\\/\"},\"wordCount\":1033,\"publisher\":{\"@id\":\"https:\\\/\\\/blog.turbotax.intuit.com\\\/es\\\/#organization\"},\"image\":{\"@id\":\"https:\\\/\\\/blog.turbotax.intuit.com\\\/es\\\/noticias-turbotax\\\/como-el-alivio-del-coronavirus-covid-19-y-la-extension-de-la-fecha-limite-para-hacer-los-impuestos-afectan-mis-pagos-de-impuestos-3077\\\/#primaryimage\"},\"thumbnailUrl\":\"https:\\\/\\\/blog.turbotax.intuit.com\\\/es\\\/wp-content\\\/uploads\\\/sites\\\/2\\\/2020\\\/04\\\/tax-filing-deadline-for-tax-payments-1.jpg\",\"keywords\":[\"impuestos\",\"IRS\",\"pago de impuestos\"],\"articleSection\":[\"Noticias TurboTax\"],\"inLanguage\":\"es-ES\"},{\"@type\":\"WebPage\",\"@id\":\"https:\\\/\\\/blog.turbotax.intuit.com\\\/es\\\/noticias-turbotax\\\/como-el-alivio-del-coronavirus-covid-19-y-la-extension-de-la-fecha-limite-para-hacer-los-impuestos-afectan-mis-pagos-de-impuestos-3077\\\/\",\"url\":\"https:\\\/\\\/blog.turbotax.intuit.com\\\/es\\\/noticias-turbotax\\\/como-el-alivio-del-coronavirus-covid-19-y-la-extension-de-la-fecha-limite-para-hacer-los-impuestos-afectan-mis-pagos-de-impuestos-3077\\\/\",\"name\":\"\u00bfC\u00f3mo el alivio del Coronavirus (COVID-19) y la extensi\u00f3n de la fecha l\u00edmite para hacer los impuestos afectan mis pagos de impuestos? | TurboTax Blog Espa\u00f1ol\",\"isPartOf\":{\"@id\":\"https:\\\/\\\/blog.turbotax.intuit.com\\\/es\\\/#website\"},\"primaryImageOfPage\":{\"@id\":\"https:\\\/\\\/blog.turbotax.intuit.com\\\/es\\\/noticias-turbotax\\\/como-el-alivio-del-coronavirus-covid-19-y-la-extension-de-la-fecha-limite-para-hacer-los-impuestos-afectan-mis-pagos-de-impuestos-3077\\\/#primaryimage\"},\"image\":{\"@id\":\"https:\\\/\\\/blog.turbotax.intuit.com\\\/es\\\/noticias-turbotax\\\/como-el-alivio-del-coronavirus-covid-19-y-la-extension-de-la-fecha-limite-para-hacer-los-impuestos-afectan-mis-pagos-de-impuestos-3077\\\/#primaryimage\"},\"thumbnailUrl\":\"https:\\\/\\\/blog.turbotax.intuit.com\\\/es\\\/wp-content\\\/uploads\\\/sites\\\/2\\\/2020\\\/04\\\/tax-filing-deadline-for-tax-payments-1.jpg\",\"datePublished\":\"2020-04-13T16:53:43+00:00\",\"dateModified\":\"2020-12-28T04:45:21+00:00\",\"breadcrumb\":{\"@id\":\"https:\\\/\\\/blog.turbotax.intuit.com\\\/es\\\/noticias-turbotax\\\/como-el-alivio-del-coronavirus-covid-19-y-la-extension-de-la-fecha-limite-para-hacer-los-impuestos-afectan-mis-pagos-de-impuestos-3077\\\/#breadcrumb\"},\"inLanguage\":\"es-ES\",\"potentialAction\":[{\"@type\":\"ReadAction\",\"target\":[\"https:\\\/\\\/blog.turbotax.intuit.com\\\/es\\\/noticias-turbotax\\\/como-el-alivio-del-coronavirus-covid-19-y-la-extension-de-la-fecha-limite-para-hacer-los-impuestos-afectan-mis-pagos-de-impuestos-3077\\\/\"]}]},{\"@type\":\"ImageObject\",\"inLanguage\":\"es-ES\",\"@id\":\"https:\\\/\\\/blog.turbotax.intuit.com\\\/es\\\/noticias-turbotax\\\/como-el-alivio-del-coronavirus-covid-19-y-la-extension-de-la-fecha-limite-para-hacer-los-impuestos-afectan-mis-pagos-de-impuestos-3077\\\/#primaryimage\",\"url\":\"https:\\\/\\\/blog.turbotax.intuit.com\\\/es\\\/wp-content\\\/uploads\\\/sites\\\/2\\\/2020\\\/04\\\/tax-filing-deadline-for-tax-payments-1.jpg\",\"contentUrl\":\"https:\\\/\\\/blog.turbotax.intuit.com\\\/es\\\/wp-content\\\/uploads\\\/sites\\\/2\\\/2020\\\/04\\\/tax-filing-deadline-for-tax-payments-1.jpg\",\"width\":1733,\"height\":1155},{\"@type\":\"BreadcrumbList\",\"@id\":\"https:\\\/\\\/blog.turbotax.intuit.com\\\/es\\\/noticias-turbotax\\\/como-el-alivio-del-coronavirus-covid-19-y-la-extension-de-la-fecha-limite-para-hacer-los-impuestos-afectan-mis-pagos-de-impuestos-3077\\\/#breadcrumb\",\"itemListElement\":[{\"@type\":\"ListItem\",\"position\":1,\"name\":\"Home\",\"item\":\"https:\\\/\\\/blog.turbotax.intuit.com\\\/es\\\/\"},{\"@type\":\"ListItem\",\"position\":2,\"name\":\"\u00bfC\u00f3mo el alivio del Coronavirus (COVID-19) y la extensi\u00f3n de la fecha l\u00edmite para hacer los impuestos afectan mis pagos de impuestos?\"}]},{\"@type\":\"WebSite\",\"@id\":\"https:\\\/\\\/blog.turbotax.intuit.com\\\/es\\\/#website\",\"url\":\"https:\\\/\\\/blog.turbotax.intuit.com\\\/es\\\/\",\"name\":\"TurboTax Blog Espa\u00f1ol\",\"description\":\"Es todo sobre el reembolso\",\"publisher\":{\"@id\":\"https:\\\/\\\/blog.turbotax.intuit.com\\\/es\\\/#organization\"},\"potentialAction\":[{\"@type\":\"SearchAction\",\"target\":{\"@type\":\"EntryPoint\",\"urlTemplate\":\"https:\\\/\\\/blog.turbotax.intuit.com\\\/es\\\/?s={search_term_string}\"},\"query-input\":{\"@type\":\"PropertyValueSpecification\",\"valueRequired\":true,\"valueName\":\"search_term_string\"}}],\"inLanguage\":\"es-ES\"},{\"@type\":\"Organization\",\"@id\":\"https:\\\/\\\/blog.turbotax.intuit.com\\\/es\\\/#organization\",\"name\":\"TurboTax Blog Espa\u00f1ol\",\"url\":\"https:\\\/\\\/blog.turbotax.intuit.com\\\/es\\\/\",\"logo\":{\"@type\":\"ImageObject\",\"inLanguage\":\"es-ES\",\"@id\":\"https:\\\/\\\/blog.turbotax.intuit.com\\\/es\\\/#\\\/schema\\\/logo\\\/image\\\/\",\"url\":\"https:\\\/\\\/blog.turbotax.intuit.com\\\/es\\\/wp-content\\\/uploads\\\/sites\\\/2\\\/2019\\\/01\\\/tt-blog-logo-dark-2.png\",\"contentUrl\":\"https:\\\/\\\/blog.turbotax.intuit.com\\\/es\\\/wp-content\\\/uploads\\\/sites\\\/2\\\/2019\\\/01\\\/tt-blog-logo-dark-2.png\",\"width\":967,\"height\":175,\"caption\":\"TurboTax Blog Espa\u00f1ol\"},\"image\":{\"@id\":\"https:\\\/\\\/blog.turbotax.intuit.com\\\/es\\\/#\\\/schema\\\/logo\\\/image\\\/\"}},{\"@type\":\"Person\",\"@id\":\"https:\\\/\\\/blog.turbotax.intuit.com\\\/es\\\/#\\\/schema\\\/person\\\/5797501334e0fef0f96403fd7c042065\",\"name\":\"TurboTaxBlogTeam\",\"image\":{\"@type\":\"ImageObject\",\"inLanguage\":\"es-ES\",\"@id\":\"https:\\\/\\\/secure.gravatar.com\\\/avatar\\\/21f3c897d7a589cafa9bcfd92baa4d019819fb853dc81de86deb399c8ec62bf8?s=96&d=mm&r=g\",\"url\":\"https:\\\/\\\/secure.gravatar.com\\\/avatar\\\/21f3c897d7a589cafa9bcfd92baa4d019819fb853dc81de86deb399c8ec62bf8?s=96&d=mm&r=g\",\"contentUrl\":\"https:\\\/\\\/secure.gravatar.com\\\/avatar\\\/21f3c897d7a589cafa9bcfd92baa4d019819fb853dc81de86deb399c8ec62bf8?s=96&d=mm&r=g\",\"caption\":\"TurboTaxBlogTeam\"},\"url\":\"https:\\\/\\\/blog.turbotax.intuit.com\\\/es\\\/author\\\/turbotaxblogteam\\\/\"}]}<\/script>\n<!-- \/ Yoast SEO plugin. -->","yoast_head_json":{"title":"\u00bfC\u00f3mo el alivio del Coronavirus (COVID-19) y la extensi\u00f3n de la fecha l\u00edmite para hacer los impuestos afectan mis pagos de impuestos? | TurboTax Blog Espa\u00f1ol","robots":{"index":"index","follow":"follow","max-snippet":"max-snippet:-1","max-image-preview":"max-image-preview:large","max-video-preview":"max-video-preview:-1"},"canonical":"https:\/\/blog.turbotax.intuit.com\/es\/noticias-turbotax\/como-el-alivio-del-coronavirus-covid-19-y-la-extension-de-la-fecha-limite-para-hacer-los-impuestos-afectan-mis-pagos-de-impuestos-3077\/","og_locale":"es_ES","og_type":"article","og_title":"\u00bfC\u00f3mo el alivio del Coronavirus (COVID-19) y la extensi\u00f3n de la fecha l\u00edmite para hacer los impuestos afectan mis pagos de impuestos? | TurboTax Blog Espa\u00f1ol","og_description":"Este contenido es acerca del primer paquete de est\u00edmulo y alivio econ\u00f3mico, Ley de Ayuda, Alivio y Seguridad Econ\u00f3mica por Coronavirus (CARES), que se firm\u00f3 en marzo del 2020. Para obtener informaci\u00f3n sobre los detalles del segundo paquete de est\u00edmulo que fue firmado el 27 de diciembre de 2020, Ley de Asignaciones Suplementarias de Respuesta","og_url":"https:\/\/blog.turbotax.intuit.com\/es\/noticias-turbotax\/como-el-alivio-del-coronavirus-covid-19-y-la-extension-de-la-fecha-limite-para-hacer-los-impuestos-afectan-mis-pagos-de-impuestos-3077\/","og_site_name":"Blog en Espa\u00f1ol","article_published_time":"2020-04-13T16:53:43+00:00","article_modified_time":"2020-12-28T04:45:21+00:00","og_image":[{"width":1733,"height":1155,"url":"https:\/\/blog.turbotax.intuit.com\/es\/wp-content\/uploads\/sites\/2\/2020\/04\/tax-filing-deadline-for-tax-payments-1.jpg","type":"image\/jpeg"}],"author":"TurboTaxBlogTeam","twitter_card":"summary_large_image","twitter_misc":{"Written by":"TurboTaxBlogTeam","Est. reading time":"5 minutes"},"schema":{"@context":"https:\/\/schema.org","@graph":[{"@type":"Article","@id":"https:\/\/blog.turbotax.intuit.com\/es\/noticias-turbotax\/como-el-alivio-del-coronavirus-covid-19-y-la-extension-de-la-fecha-limite-para-hacer-los-impuestos-afectan-mis-pagos-de-impuestos-3077\/#article","isPartOf":{"@id":"https:\/\/blog.turbotax.intuit.com\/es\/noticias-turbotax\/como-el-alivio-del-coronavirus-covid-19-y-la-extension-de-la-fecha-limite-para-hacer-los-impuestos-afectan-mis-pagos-de-impuestos-3077\/"},"author":{"name":"TurboTaxBlogTeam","@id":"https:\/\/blog.turbotax.intuit.com\/es\/#\/schema\/person\/5797501334e0fef0f96403fd7c042065"},"headline":"\u00bfC\u00f3mo el alivio del Coronavirus (COVID-19) y la extensi\u00f3n de la fecha l\u00edmite para hacer los impuestos afectan mis pagos de impuestos?","datePublished":"2020-04-13T16:53:43+00:00","dateModified":"2020-12-28T04:45:21+00:00","mainEntityOfPage":{"@id":"https:\/\/blog.turbotax.intuit.com\/es\/noticias-turbotax\/como-el-alivio-del-coronavirus-covid-19-y-la-extension-de-la-fecha-limite-para-hacer-los-impuestos-afectan-mis-pagos-de-impuestos-3077\/"},"wordCount":1033,"publisher":{"@id":"https:\/\/blog.turbotax.intuit.com\/es\/#organization"},"image":{"@id":"https:\/\/blog.turbotax.intuit.com\/es\/noticias-turbotax\/como-el-alivio-del-coronavirus-covid-19-y-la-extension-de-la-fecha-limite-para-hacer-los-impuestos-afectan-mis-pagos-de-impuestos-3077\/#primaryimage"},"thumbnailUrl":"https:\/\/blog.turbotax.intuit.com\/es\/wp-content\/uploads\/sites\/2\/2020\/04\/tax-filing-deadline-for-tax-payments-1.jpg","keywords":["impuestos","IRS","pago de impuestos"],"articleSection":["Noticias TurboTax"],"inLanguage":"es-ES"},{"@type":"WebPage","@id":"https:\/\/blog.turbotax.intuit.com\/es\/noticias-turbotax\/como-el-alivio-del-coronavirus-covid-19-y-la-extension-de-la-fecha-limite-para-hacer-los-impuestos-afectan-mis-pagos-de-impuestos-3077\/","url":"https:\/\/blog.turbotax.intuit.com\/es\/noticias-turbotax\/como-el-alivio-del-coronavirus-covid-19-y-la-extension-de-la-fecha-limite-para-hacer-los-impuestos-afectan-mis-pagos-de-impuestos-3077\/","name":"\u00bfC\u00f3mo el alivio del Coronavirus (COVID-19) y la extensi\u00f3n de la fecha l\u00edmite para hacer los impuestos afectan mis pagos de impuestos? | TurboTax Blog Espa\u00f1ol","isPartOf":{"@id":"https:\/\/blog.turbotax.intuit.com\/es\/#website"},"primaryImageOfPage":{"@id":"https:\/\/blog.turbotax.intuit.com\/es\/noticias-turbotax\/como-el-alivio-del-coronavirus-covid-19-y-la-extension-de-la-fecha-limite-para-hacer-los-impuestos-afectan-mis-pagos-de-impuestos-3077\/#primaryimage"},"image":{"@id":"https:\/\/blog.turbotax.intuit.com\/es\/noticias-turbotax\/como-el-alivio-del-coronavirus-covid-19-y-la-extension-de-la-fecha-limite-para-hacer-los-impuestos-afectan-mis-pagos-de-impuestos-3077\/#primaryimage"},"thumbnailUrl":"https:\/\/blog.turbotax.intuit.com\/es\/wp-content\/uploads\/sites\/2\/2020\/04\/tax-filing-deadline-for-tax-payments-1.jpg","datePublished":"2020-04-13T16:53:43+00:00","dateModified":"2020-12-28T04:45:21+00:00","breadcrumb":{"@id":"https:\/\/blog.turbotax.intuit.com\/es\/noticias-turbotax\/como-el-alivio-del-coronavirus-covid-19-y-la-extension-de-la-fecha-limite-para-hacer-los-impuestos-afectan-mis-pagos-de-impuestos-3077\/#breadcrumb"},"inLanguage":"es-ES","potentialAction":[{"@type":"ReadAction","target":["https:\/\/blog.turbotax.intuit.com\/es\/noticias-turbotax\/como-el-alivio-del-coronavirus-covid-19-y-la-extension-de-la-fecha-limite-para-hacer-los-impuestos-afectan-mis-pagos-de-impuestos-3077\/"]}]},{"@type":"ImageObject","inLanguage":"es-ES","@id":"https:\/\/blog.turbotax.intuit.com\/es\/noticias-turbotax\/como-el-alivio-del-coronavirus-covid-19-y-la-extension-de-la-fecha-limite-para-hacer-los-impuestos-afectan-mis-pagos-de-impuestos-3077\/#primaryimage","url":"https:\/\/blog.turbotax.intuit.com\/es\/wp-content\/uploads\/sites\/2\/2020\/04\/tax-filing-deadline-for-tax-payments-1.jpg","contentUrl":"https:\/\/blog.turbotax.intuit.com\/es\/wp-content\/uploads\/sites\/2\/2020\/04\/tax-filing-deadline-for-tax-payments-1.jpg","width":1733,"height":1155},{"@type":"BreadcrumbList","@id":"https:\/\/blog.turbotax.intuit.com\/es\/noticias-turbotax\/como-el-alivio-del-coronavirus-covid-19-y-la-extension-de-la-fecha-limite-para-hacer-los-impuestos-afectan-mis-pagos-de-impuestos-3077\/#breadcrumb","itemListElement":[{"@type":"ListItem","position":1,"name":"Home","item":"https:\/\/blog.turbotax.intuit.com\/es\/"},{"@type":"ListItem","position":2,"name":"\u00bfC\u00f3mo el alivio del Coronavirus (COVID-19) y la extensi\u00f3n de la fecha l\u00edmite para hacer los impuestos afectan mis pagos de impuestos?"}]},{"@type":"WebSite","@id":"https:\/\/blog.turbotax.intuit.com\/es\/#website","url":"https:\/\/blog.turbotax.intuit.com\/es\/","name":"TurboTax Blog Espa\u00f1ol","description":"Es todo sobre el reembolso","publisher":{"@id":"https:\/\/blog.turbotax.intuit.com\/es\/#organization"},"potentialAction":[{"@type":"SearchAction","target":{"@type":"EntryPoint","urlTemplate":"https:\/\/blog.turbotax.intuit.com\/es\/?s={search_term_string}"},"query-input":{"@type":"PropertyValueSpecification","valueRequired":true,"valueName":"search_term_string"}}],"inLanguage":"es-ES"},{"@type":"Organization","@id":"https:\/\/blog.turbotax.intuit.com\/es\/#organization","name":"TurboTax Blog Espa\u00f1ol","url":"https:\/\/blog.turbotax.intuit.com\/es\/","logo":{"@type":"ImageObject","inLanguage":"es-ES","@id":"https:\/\/blog.turbotax.intuit.com\/es\/#\/schema\/logo\/image\/","url":"https:\/\/blog.turbotax.intuit.com\/es\/wp-content\/uploads\/sites\/2\/2019\/01\/tt-blog-logo-dark-2.png","contentUrl":"https:\/\/blog.turbotax.intuit.com\/es\/wp-content\/uploads\/sites\/2\/2019\/01\/tt-blog-logo-dark-2.png","width":967,"height":175,"caption":"TurboTax Blog Espa\u00f1ol"},"image":{"@id":"https:\/\/blog.turbotax.intuit.com\/es\/#\/schema\/logo\/image\/"}},{"@type":"Person","@id":"https:\/\/blog.turbotax.intuit.com\/es\/#\/schema\/person\/5797501334e0fef0f96403fd7c042065","name":"TurboTaxBlogTeam","image":{"@type":"ImageObject","inLanguage":"es-ES","@id":"https:\/\/secure.gravatar.com\/avatar\/21f3c897d7a589cafa9bcfd92baa4d019819fb853dc81de86deb399c8ec62bf8?s=96&d=mm&r=g","url":"https:\/\/secure.gravatar.com\/avatar\/21f3c897d7a589cafa9bcfd92baa4d019819fb853dc81de86deb399c8ec62bf8?s=96&d=mm&r=g","contentUrl":"https:\/\/secure.gravatar.com\/avatar\/21f3c897d7a589cafa9bcfd92baa4d019819fb853dc81de86deb399c8ec62bf8?s=96&d=mm&r=g","caption":"TurboTaxBlogTeam"},"url":"https:\/\/blog.turbotax.intuit.com\/es\/author\/turbotaxblogteam\/"}]}},"header_image":"","jetpack_publicize_connections":[],"jetpack_featured_media_url":"https:\/\/blog.turbotax.intuit.com\/es\/wp-content\/uploads\/sites\/2\/2020\/04\/tax-filing-deadline-for-tax-payments-1.jpg","jetpack_sharing_enabled":true,"jetpack_shortlink":"https:\/\/wp.me\/pdHEVC-ND","intuit_reading_minutes":5,"_links":{"self":[{"href":"https:\/\/blog.turbotax.intuit.com\/es\/wp-json\/wp\/v2\/posts\/3077","targetHints":{"allow":["GET"]}}],"collection":[{"href":"https:\/\/blog.turbotax.intuit.com\/es\/wp-json\/wp\/v2\/posts"}],"about":[{"href":"https:\/\/blog.turbotax.intuit.com\/es\/wp-json\/wp\/v2\/types\/post"}],"author":[{"embeddable":true,"href":"https:\/\/blog.turbotax.intuit.com\/es\/wp-json\/wp\/v2\/users\/27243602"}],"replies":[{"embeddable":true,"href":"https:\/\/blog.turbotax.intuit.com\/es\/wp-json\/wp\/v2\/comments?post=3077"}],"version-history":[{"count":9,"href":"https:\/\/blog.turbotax.intuit.com\/es\/wp-json\/wp\/v2\/posts\/3077\/revisions"}],"predecessor-version":[{"id":3915,"href":"https:\/\/blog.turbotax.intuit.com\/es\/wp-json\/wp\/v2\/posts\/3077\/revisions\/3915"}],"wp:featuredmedia":[{"embeddable":true,"href":"https:\/\/blog.turbotax.intuit.com\/es\/wp-json\/wp\/v2\/media\/3078"}],"wp:attachment":[{"href":"https:\/\/blog.turbotax.intuit.com\/es\/wp-json\/wp\/v2\/media?parent=3077"}],"wp:term":[{"taxonomy":"category","embeddable":true,"href":"https:\/\/blog.turbotax.intuit.com\/es\/wp-json\/wp\/v2\/categories?post=3077"},{"taxonomy":"post_tag","embeddable":true,"href":"https:\/\/blog.turbotax.intuit.com\/es\/wp-json\/wp\/v2\/tags?post=3077"},{"taxonomy":"intuit_collection","embeddable":true,"href":"https:\/\/blog.turbotax.intuit.com\/es\/wp-json\/wp\/v2\/intuit_collection?post=3077"},{"taxonomy":"intuit_series","embeddable":true,"href":"https:\/\/blog.turbotax.intuit.com\/es\/wp-json\/wp\/v2\/intuit_series?post=3077"},{"taxonomy":"tt_tax_year","embeddable":true,"href":"https:\/\/blog.turbotax.intuit.com\/es\/wp-json\/wp\/v2\/tt_tax_year?post=3077"},{"taxonomy":"author","embeddable":true,"href":"https:\/\/blog.turbotax.intuit.com\/es\/wp-json\/wp\/v2\/coauthors?post=3077"}],"curies":[{"name":"wp","href":"https:\/\/api.w.org\/{rel}","templated":true}]}}